{"id":6407,"date":"2014-04-02T10:23:44","date_gmt":"2014-04-02T16:23:44","guid":{"rendered":"https:\/\/radiowebmx.com\/nota\/?p=6407"},"modified":"2014-04-02T10:23:44","modified_gmt":"2014-04-02T16:23:44","slug":"instalan-comite-regional-de-ciencia-tecnologia-e-innovacion-region-patzcuaro-zirahuen","status":"publish","type":"post","link":"https:\/\/radiowebmx.com\/nota\/instalan-comite-regional-de-ciencia-tecnologia-e-innovacion-region-patzcuaro-zirahuen\/","title":{"rendered":"INSTALAN COMIT\u00c9 REGIONAL DE CIENCIA, TECNOLOG\u00cdA E INNOVACI\u00d3N REGI\u00d3N P\u00c1TZCUARO ZIRAHU\u00c9N"},"content":{"rendered":"<p><a href=\"https:\/\/radiowebmx.com\/nota\/wp-content\/uploads\/2014\/04\/DSC06228.jpg\"><img loading=\"lazy\" decoding=\"async\" class=\"alignleft size-full wp-image-6408\" alt=\"DSC06228\" src=\"https:\/\/radiowebmx.com\/nota\/wp-content\/uploads\/2014\/04\/DSC06228.jpg\" width=\"591\" height=\"285\" \/><\/a>Este d\u00eda se instal\u00f3 el noveno<b> <\/b>Comit\u00e9 Regional de Ciencia, Tecnolog\u00eda e Innovaci\u00f3n correspondiente a la Regi\u00f3n P\u00e1tzcuaro Zirahu\u00e9n, que forma parte del Programa de Apropiaci\u00f3n Social Ciencia para Todos y en Todos los Rincones de Michoac\u00e1n,<b> <\/b>el cual es impulsado por el Consejo Nacional de Ciencia y Tecnolog\u00eda (Conacyt) y el Consejo Estatal de Ciencia, Tecnolog\u00eda e Innovaci\u00f3n (CECTI), y tiene como objetivo llevar actividades de divulgaci\u00f3n de la ciencia a zonas con alta y muy alta marginaci\u00f3n en Michoac\u00e1n, dedicadas especialmente para ni\u00f1os y j\u00f3venes.<\/p>\n<h1>Al frente de este comit\u00e9 se encuentra el Instituto Tecnol\u00f3gico Superior de P\u00e1tzcuaro, y en \u00e9l participan diversos centros de investigaci\u00f3n, universidades, instituciones educativas, organismos gubernamentales y representantes de la sociedad civil, como la Universidad Intercultural Ind\u00edgena de Michoac\u00e1n, el Colegio de Bachilleres del Estado de Michoac\u00e1n, el CONALEP Plantel P\u00e1tzcuaro, el CBTIS 94, el CECYTEM 32 Huecorio, Secundarias Federales de la Regi\u00f3n, el Centro Regional de Investigaci\u00f3n Pesquera, el Centro de Educaci\u00f3n y Capacitaci\u00f3n para el Desarrollo Sustentable, el Centro de Cooperaci\u00f3n Regional para la Educaci\u00f3n de Adultos en Am\u00e9rica Latina y el Caribe (<em>CREFAL<\/em>), entre otros.<\/h1>\n<p><b>\u00a0<\/b><\/p>\n<h1><\/h1>\n<p><b>\u00a0<\/b><\/p>\n<p>Este comit\u00e9 abarca siete municipios: Erongar\u00edcuaro, Huiramba, Lagunillas, P\u00e1tzcuaro, Quiroga, Salvador Escalante, Tzintzuntzan, cuyos presidentes municipales asistieron a la Ceremonia de Instalaci\u00f3n y los mencionados ayuntamientos se integrar\u00e1n a los trabajos del mismo.<\/p>\n<p>&nbsp;<\/p>\n<p>Esther Garc\u00eda Garibay, directora general del CECTI, inform\u00f3 que el Programa de Apropiaci\u00f3n Social Ciencia para Todos y en Todos los Rincones de Michoac\u00e1n, tendr\u00e1 continuidad durante el 2014 y que en fecha pr\u00f3xima se conformar\u00e1 el Comit\u00e9 Regional de Ciencia, Tecnolog\u00eda e Innovaci\u00f3n de la Regi\u00f3n Baj\u00edo, con lo que se lograr\u00e1 una cobertura estatal.<\/p>\n<p><b>\u00a0<\/b><\/p>\n<p>Agreg\u00f3 que acciones como \u00e9sta vienen a fortalecer la cultura cient\u00edfica de la poblaci\u00f3n michoacana; al hacerlo, se abona a la construcci\u00f3n de una sociedad m\u00e1s justa y democr\u00e1tica, donde el conocimiento es valorado como un bien fundamental y en el que la ciencia, tecnolog\u00eda e innovaci\u00f3n juegan un papel preponderante en la calidad de vida.<\/p>\n<p>&nbsp;<\/p>\n<p>Por su parte, Jaime Carbajal V\u00e1zquez, director del Instituto Tecnol\u00f3gico Superior de P\u00e1tzcuaro, inform\u00f3 que este Comit\u00e9 de Ciencia, Tecnolog\u00eda e Innovaci\u00f3n de la Regi\u00f3n P\u00e1tzcuaro- Zirahu\u00e9n cobra vida para responderle a la sociedad michoacana, para fortalecer la cultura cient\u00edfica, para abonar en la construcci\u00f3n de una verdadera sociedad basada en el conocimiento y para alcanzar esferas y p\u00fablicos que la divulgaci\u00f3n no hab\u00eda podido tocar.<\/p>\n<p>&nbsp;<\/p>\n<p>Agreg\u00f3 que las instituciones e instancias participantes en el Comit\u00e9 elaborar\u00e1n un Programa Regional de Actividades de Difusi\u00f3n y Divulgaci\u00f3n de temas cient\u00edficos y tecnol\u00f3gicos a realizar de abril a diciembre de este a\u00f1o en la regi\u00f3n y de la 21\u00aa Semana Nacional de Ciencia y Tecnolog\u00eda que se llevar\u00e1 a cabo en el mes de octubre.<\/p>\n<p>&nbsp;<\/p>\n<p>Por su parte, la alcaldesa de P\u00e1tzcuaro, Salma Karrum Cervantes, consider\u00f3 que la instalaci\u00f3n de este comit\u00e9 representa un paso para m\u00e1s y mejores oportunidades para el desarrollo municipal.<\/p>\n<p>&nbsp;<\/p>\n<p>El Programa Estrategia Nacional de Difusi\u00f2n y Divulgaci\u00f3n de la Ciencia. Tecnolog\u00eda e Innovaci\u00f3n, Apropiaci\u00f3n Social de la Ciencia, Tecnolog\u00eda e Innovaci\u00f3n en Entidades Federativas con \u00c9nfasis en Zonas Marginadas es federal, su versi\u00f3n en Michoac\u00e1n se denomina Ciencia para Todos y en Todos los Rincones de Michoac\u00e1n y se realiza en el estado desde el 2012. En el marco de este programa se llevaron el a\u00f1o pasado actividades de divulgaci\u00f3n de la ciencia a 266,756 habitantes de la entidad, con impacto sobre m\u00e1s de 80 municipios. <b><\/b><\/p>\n<p><b>\u00a0<\/b><\/p>\n<p>Se trata de un grupo de programas, entre los que se encuentra \u00a0la Caravana de la Ciencia, la cual consiste en el traslado del domo digital llamado \u201cBurbuciencia\u201d a los municipios, acompa\u00f1ado por ferias cient\u00edficas, talleres, demostraciones, ciclos de cine cient\u00edfico, entre otras. La Caravana de la Ciencia permiti\u00f3 compartir proyecci\u00f3n de pel\u00edculas de corte divulgativo o que tocan temas cient\u00edficos,\u00a0 proyecci\u00f3n de materiales en video sobre temas astron\u00f3micos, la instalaci\u00f3n de stands o m\u00f3dulos externos al domo que permitieron a los asistentes conocer diversos temas apoyados por la gu\u00eda de instructores o facilitadores y que consideraron demostraciones, experimentos, juegos did\u00e1cticos, loter\u00edas cient\u00edficas, entre otros.<\/p>\n<p><b>\u00a0<\/b><\/p>\n<p>Tambi\u00e9n se desarroll\u00f3 la actividad Ciencia y Tecnolog\u00eda para Ni\u00f1os, en el que se apoy\u00f3 a los docentes de educaci\u00f3n b\u00e1sica en la ense\u00f1anza de las ciencias de forma que se impulse el desarrollo de las destrezas y habilidades de los alumnos en materia de investigaci\u00f3n cient\u00edfica a trav\u00e9s de la experimentaci\u00f3n en el sal\u00f3n de clases.<\/p>\n<p><b>\u00a0<\/b><\/p>\n<p>En el Programa de Lectura Cient\u00edfica se editaron materiales de divulgaci\u00f3n cient\u00edfica elaborados por reconocidos investigadores o divulgadores de la ciencia, que permitan fomentar y desarrollar la cultura cient\u00edfica y tecnol\u00f3gica entre los estudiantes y se realizaron ciclos semanales de lectura, donde se reconoci\u00f3 a los alumnos que mostraron un desempe\u00f1o sobresaliente en el programa.<\/p>\n<p>&nbsp;<\/p>\n<p>Este programa se implement\u00f3 en los niveles Primaria; Secundaria; Primaria y Secundaria en Lengua Ind\u00edgena; Primaria y Secundaria para alumnos atendidos por el CONAFE; Primaria y Secundaria para Ni\u00f1os y Adolescentes con Necesidades Educativas Especiales y Nivel Medio Superior.<\/p>\n<p>&nbsp;<\/p>\n<p>Igualmente, se realiz\u00f3 el Programa de Promoci\u00f3n y Est\u00edmulo al Talento Cient\u00edfico en Ni\u00f1os y J\u00f3venes, que tuvo por objetivo promover y estimular el talento y vocaciones cient\u00edficas de ni\u00f1os y j\u00f3venes de nivel b\u00e1sico a medio superior, que han sobresalido por su alto desempe\u00f1o en concursos o cert\u00e1menes relacionados con ciencia, tecnolog\u00eda e innovaci\u00f3n.<\/p>\n<p>&nbsp;<\/p>\n<p>En el 2012 se instalaron en el estado siete Comit\u00e9s Regionales de Ciencia, Tecnolog\u00eda e Innovaci\u00f3n y en el 2013 se logr\u00f3 uno m\u00e1s, en los que se conjuntaron los esfuerzos y concurrencia de las Instituciones de Educaci\u00f3n Superior, Centros de Investigaci\u00f3n, Iniciativa Privada, Organismos no Gubernamentales e instancias de Gobierno de los tres niveles, y de la sociedad civil en las regiones Tepalcatepec, Sierra Costa, Tierra Caliente, Pur\u00e9pecha, Lerma Chapala, Oriente, Infiernillo y\u00a0 Cuitzeo-Morelia.<\/p>\n<p><b>\u00a0<\/b><\/p>\n<p>Gracias al trabajo de estos comit\u00e9s se beneficiaron en el 2013\u00a0 a 177,158 habitantes de la entidad, con impacto sobre m\u00e1s de 80 municipios de la entidad, a trav\u00e8s de ferias cient\u00edficas, exposiciones itinerantes, actividades de fomento de la creatividad y de la cultura de la innovaci\u00f3n, clubes de ciencia, exposiciones fotogr\u00e1ficas, organizaci\u00f3n de proyecciones y debates, observaciones astron\u00f3micas, programas espec\u00edficos para minor\u00edas y otras poblaciones en situaci\u00f3n vulnerable <b><\/b><\/p>\n<p>&nbsp;<\/p>\n<p>&nbsp;<\/p>\n","protected":false},"excerpt":{"rendered":"<p>Este d\u00eda se instal\u00f3 el noveno Comit\u00e9 Regional de Ciencia, Tecnolog\u00eda e Innovaci\u00f3n correspondiente a la Regi\u00f3n P\u00e1tzcuaro Zirahu\u00e9n, que forma parte del Programa de Apropiaci\u00f3n Social Ciencia para Todos y en Todos los Rincones de Michoac\u00e1n, <\/p>\n","protected":false},"author":1,"featured_media":0,"comment_status":"open","ping_status":"open","sticky":false,"template":"","format":"standard","meta":{"footnotes":""},"categories":[14,3],"tags":[],"class_list":["post-6407","post","type-post","status-publish","format-standard","hentry","category-destacadas","category-gobierno-del-estado-de-michoacan"],"_links":{"self":[{"href":"https:\/\/radiowebmx.com\/nota\/wp-json\/wp\/v2\/posts\/6407","targetHints":{"allow":["GET"]}}],"collection":[{"href":"https:\/\/radiowebmx.com\/nota\/wp-json\/wp\/v2\/posts"}],"about":[{"href":"https:\/\/radiowebmx.com\/nota\/wp-json\/wp\/v2\/types\/post"}],"author":[{"embeddable":true,"href":"https:\/\/radiowebmx.com\/nota\/wp-json\/wp\/v2\/users\/1"}],"replies":[{"embeddable":true,"href":"https:\/\/radiowebmx.com\/nota\/wp-json\/wp\/v2\/comments?post=6407"}],"version-history":[{"count":2,"href":"https:\/\/radiowebmx.com\/nota\/wp-json\/wp\/v2\/posts\/6407\/revisions"}],"predecessor-version":[{"id":6410,"href":"https:\/\/radiowebmx.com\/nota\/wp-json\/wp\/v2\/posts\/6407\/revisions\/6410"}],"wp:attachment":[{"href":"https:\/\/radiowebmx.com\/nota\/wp-json\/wp\/v2\/media?parent=6407"}],"wp:term":[{"taxonomy":"category","embeddable":true,"href":"https:\/\/radiowebmx.com\/nota\/wp-json\/wp\/v2\/categories?post=6407"},{"taxonomy":"post_tag","embeddable":true,"href":"https:\/\/radiowebmx.com\/nota\/wp-json\/wp\/v2\/tags?post=6407"}],"curies":[{"name":"wp","href":"https:\/\/api.w.org\/{rel}","templated":true}]}}