{"id":6404,"date":"2014-04-01T12:43:43","date_gmt":"2014-04-01T18:43:43","guid":{"rendered":"https:\/\/radiowebmx.com\/nota\/?p=6404"},"modified":"2014-04-01T12:43:43","modified_gmt":"2014-04-01T18:43:43","slug":"se-crea-en-michoacan-un-ambiente-legal-moderno-agil-y-propicio-para-atraer-nuevas-inversiones-fvf","status":"publish","type":"post","link":"https:\/\/radiowebmx.com\/nota\/se-crea-en-michoacan-un-ambiente-legal-moderno-agil-y-propicio-para-atraer-nuevas-inversiones-fvf\/","title":{"rendered":"SE CREA EN MICHOAC\u00c1N UN AMBIENTE LEGAL MODERNO, \u00c1GIL Y PROPICIO PARA ATRAER NUEVAS INVERSIONES: FVF"},"content":{"rendered":"<p><a href=\"https:\/\/radiowebmx.com\/nota\/wp-content\/uploads\/2014\/04\/DSC_0103.jpg\"><img loading=\"lazy\" decoding=\"async\" class=\"alignleft size-full wp-image-6405\" alt=\"DSC_0103\" src=\"https:\/\/radiowebmx.com\/nota\/wp-content\/uploads\/2014\/04\/DSC_0103.jpg\" width=\"591\" height=\"267\" \/><\/a>En el Ejecutivo estatal estamos determinados en hacer de Michoac\u00e1n un estado m\u00e1s competitivo, tarea en la que participamos corresponsablemente los tres \u00f3rdenes de gobierno, quienes coordinadamente estamos creando un ambiente legal moderno, \u00e1gil y propicio para atraer nuevas inversiones, asever\u00f3 el gobernador Fausto Vallejo Figueroa al fungir junto con el secretario de Econom\u00eda, Ildefonso Guajardo Villareal, como testigo de honor de firma de convenio entre el Ayuntamiento de Morelia, la Secretar\u00eda de Desarrollo Econ\u00f3mico estatal y la Comisi\u00f3n Federal para la Mejora Regulatoria.<\/p>\n<p>El mandatario estatal celebr\u00f3 que gracias al convenio suscrito con la Federaci\u00f3n en noviembre del a\u00f1o pasado para la Coordinaci\u00f3n en Materia de Mejora Regulatoria, fue posible impulsar una Agenda para Michoac\u00e1n, que contempla la operaci\u00f3n de una Unidad Estatal que estimular\u00e1 el crecimiento econ\u00f3mico para atraer nuevos capitales, \u201cpor ello nos esforzamos en incentivar la creaci\u00f3n de nuevas empresas que generen m\u00e1s y mejores empleos para los michoacanos\u201d.<\/p>\n<p>Precis\u00f3 que mediante esta Unidad Estatal de Mejora Regulatoria se busca fortalecer desde el \u00e1mbito institucional la implementaci\u00f3n de un sistema de apertura r\u00e1pida de empresas y actualizar los indicadores que miden la facilidad para hacer negocios, as\u00ed como la simplificaci\u00f3n en la gesti\u00f3n de tr\u00e1mites para la operaci\u00f3n de muchas \u00e1reas de la actividad econ\u00f3mica.<\/p>\n<p>\u201cGracias a la conjunci\u00f3n de esfuerzos con la COFEMER del Gobierno de la Rep\u00fablica, hoy en Michoac\u00e1n contamos con procedimientos \u00e1giles para que tramitar un permiso de funcionamiento deje de ser un obst\u00e1culo para la instalaci\u00f3n de nuevas empresas\u201d, especific\u00f3.<\/p>\n<p>En este sentido festej\u00f3 que tambi\u00e9n la Comisi\u00f3n para la Mejora Regulatoria haya signado un Convenio con el Ayuntamiento de Morelia, porque permitir\u00e1 a los habitantes simplificar los tr\u00e1mites para la instalaci\u00f3n de nuevas empresas y que a la vez redunden en m\u00e1s oportunidades de empleo.<\/p>\n<p>\u201cCon estas acciones estamos haciendo de Michoac\u00e1n una Entidad competitiva, y atractiva a la inversi\u00f3n interna y externa\u201d, dijo.<\/p>\n<p>Por su parte, el director general de la Comisi\u00f3n Federal de Mejora Regulatoria, Virgilio Andrade Mart\u00ednez,\u00a0 dijo que se trata de vincular los esfuerzos del gobierno con el sector privado sobre diversos temas, en especial simplificar pol\u00edticas de tr\u00e1mites y \u00a0a nivel municipal facilitar la apertura de negocios, considerando la tarea de alta sensibilidad social que se requiere.<\/p>\n<p>El mismo esfuerzo ya se ha realizado en municipios como Uruapan, Zamora, L\u00e1zaro C\u00e1rdenas, Sahuayo, \u201cy vamos a emprender el mismo esfuerzo para impulsar esta agenda en Jiquilpan, Huetamo, Paracho, Apatzing\u00e1n, entre otros\u201d.<\/p>\n<p>A su vez, el alcalde de Morelia, Wilfrido L\u00e1zaro Medina, \u00a0destac\u00f3 que a trav\u00e9s de la firma de convenio con COFEMER, el municipio apuntala para ser m\u00e1s competitivo y atractivo para la inversi\u00f3n porque permite la simplificaci\u00f3n, la homologaci\u00f3n de tr\u00e1mites y la actualizaci\u00f3n del servicio p\u00fablico.<\/p>\n<p>Mientras que el secretario de Desarrollo Econ\u00f3mico en el Estado, Manuel Ant\u00fanez \u00c1lvarez, dijo que se trata de impulsar la transparencia y la gobernanza para el crecimiento al tiempo que destac\u00f3 los beneficios de la reapertura y capacitaci\u00f3n de 14 centros Servirte los cuales permitir\u00e1n hacer mejoras en sus procesos administrativos minimizando el n\u00famero tr\u00e1mites, adem\u00e1s de que se enfocar\u00e1n los esfuerzos a empresas tur\u00edsticas.<\/p>\n<p>Sobre el convenio de colaboraci\u00f3n para la sistematizaci\u00f3n de diversos tr\u00e1mites como las licencias de construcci\u00f3n, que firm\u00f3 con el Ayuntamiento de Morelia, dijo que significa una punta de lanza, pue se establecer\u00e1 un modelo para que se logre\u00a0 la \u00a0disminuci\u00f3n en los tiempos y el impulso a la ventanilla \u00fanica digital para la creaci\u00f3n de empresas, trabajando en conjunto con las c\u00e1maras y organismos empresariales.<\/p>\n<p>El titular de la Secretar\u00eda de Econom\u00eda felicit\u00f3 la iniciativa del gobernador Fausto Vallejo de ciudadanizar este esfuerzo y porque ser\u00e1 el dirigente en Michoac\u00e1n de la C\u00e1mara de la Industria de la Construcci\u00f3n (Canacintra), Clovis Eugenio Remusat Arana, quien encabece la tarea.<\/p>\n<p>Son acciones, dijo, de pol\u00edtica p\u00fablica para generar un mejor ambiente para el desarrollo de la entidad, que es el principal productor agr\u00edcola a nivel nacional en cuanto a valor de la producci\u00f3n en el sector primario, \u201chay Michoac\u00e1n para rato, juntos podemos construir un mejor futuro para el Estado\u201d, a\u00f1adi\u00f3, mientras que urgi\u00f3 a hacerle frente a este reto pues el costo de regulaci\u00f3n es del 5 por ciento del PIB por lo que es necesario reducir costos en apertura y continuaci\u00f3n de la actividad empresarial.<\/p>\n<p>Acompa\u00f1aron al gobernador y al secretario de Econom\u00eda, el coordinador general de delegaciones de la SE, Jorge Cant\u00fa Valderrama; Guillermo Guzm\u00e1n Fuentes, jefe de la oficina adjunta al Despacho del Gobernador; la diputada local, Daniela de los Santos Torres; y el presidente del Instituto Nacional del Emprendedor, Enrique Jacob Rocha.<\/p>\n","protected":false},"excerpt":{"rendered":"<p>En el Ejecutivo estatal estamos determinados en hacer de Michoac\u00e1n un estado m\u00e1s competitivo, tarea en la que participamos corresponsablemente los tres \u00f3rdenes de gobierno, <\/p>\n","protected":false},"author":1,"featured_media":0,"comment_status":"open","ping_status":"open","sticky":false,"template":"","format":"standard","meta":{"footnotes":""},"categories":[14,3],"tags":[],"class_list":["post-6404","post","type-post","status-publish","format-standard","hentry","category-destacadas","category-gobierno-del-estado-de-michoacan"],"_links":{"self":[{"href":"https:\/\/radiowebmx.com\/nota\/wp-json\/wp\/v2\/posts\/6404","targetHints":{"allow":["GET"]}}],"collection":[{"href":"https:\/\/radiowebmx.com\/nota\/wp-json\/wp\/v2\/posts"}],"about":[{"href":"https:\/\/radiowebmx.com\/nota\/wp-json\/wp\/v2\/types\/post"}],"author":[{"embeddable":true,"href":"https:\/\/radiowebmx.com\/nota\/wp-json\/wp\/v2\/users\/1"}],"replies":[{"embeddable":true,"href":"https:\/\/radiowebmx.com\/nota\/wp-json\/wp\/v2\/comments?post=6404"}],"version-history":[{"count":1,"href":"https:\/\/radiowebmx.com\/nota\/wp-json\/wp\/v2\/posts\/6404\/revisions"}],"predecessor-version":[{"id":6406,"href":"https:\/\/radiowebmx.com\/nota\/wp-json\/wp\/v2\/posts\/6404\/revisions\/6406"}],"wp:attachment":[{"href":"https:\/\/radiowebmx.com\/nota\/wp-json\/wp\/v2\/media?parent=6404"}],"wp:term":[{"taxonomy":"category","embeddable":true,"href":"https:\/\/radiowebmx.com\/nota\/wp-json\/wp\/v2\/categories?post=6404"},{"taxonomy":"post_tag","embeddable":true,"href":"https:\/\/radiowebmx.com\/nota\/wp-json\/wp\/v2\/tags?post=6404"}],"curies":[{"name":"wp","href":"https:\/\/api.w.org\/{rel}","templated":true}]}}