{"id":64010,"date":"2019-05-08T13:54:18","date_gmt":"2019-05-08T18:54:18","guid":{"rendered":"https:\/\/radiowebmx.com\/nota\/?p=64010"},"modified":"2019-05-08T13:54:18","modified_gmt":"2019-05-08T18:54:18","slug":"cnc-base-social-del-priismo","status":"publish","type":"post","link":"https:\/\/radiowebmx.com\/nota\/cnc-base-social-del-priismo\/","title":{"rendered":"CNC BASE SOCIAL DEL PRIISMO"},"content":{"rendered":"<p>La Confederaci\u00f3n Nacional Campesina es la base social del priismo, as\u00ed lo reconoci\u00f3 el\u00a0 delegado del CEN, Enrique Martini\u00a0 al ser testigo del refrendo de los miembros de dicha organizaci\u00f3n al instituto pol\u00edtico.<\/p>\n<p>&nbsp;<\/p>\n<p>Como parte del programa nacional de Afiliaci\u00f3n y Refrendo de la militancia, los integrantes de la CNC encabezados por su dirigente, Jes\u00fas Luna Morales y ante el l\u00edder estatal, V\u00edctor Silva Tejeda reafirmaron su compromiso como organizaci\u00f3n con el PRI con el cual pretenden que sean m\u00e1s de 150 mil integrantes los que se sumen al partido.<\/p>\n<p>&nbsp;<\/p>\n<p>Este dia, Jes\u00fas Luna Morales, l\u00edder estatal de la organizaci\u00f3n entreg\u00f3 20 mil constancias de reafiliaci\u00f3n y asever\u00f3 que la ratificaci\u00f3n que hacen al partido como integrantes del mismo, se debe principalmente al trabajo en conjunto que se realiza en pro de los ciudadanos, sobre todo aquellos asentados en las zonas rurales.<\/p>\n<p>&nbsp;<\/p>\n<p>En esta primera etapa se sumaron m\u00e1s de 20 municipios que se dieron cita en las instalaciones del Comit\u00e9 Directivo Estatal; ah\u00ed el presidente, les reiter\u00f3 el compromiso de que ser\u00e1 la militancia,\u00a0 la que en las pr\u00f3ximas elecciones donde habr\u00e1 un nuevo dirigente a nivel nacional,\u00a0 sean quienes a trav\u00e9s de su voto lo coloquen al frente del partido.<\/p>\n<p>&nbsp;<\/p>\n<p>\u201cEs necesario saber cu\u00e1ntos somos, qui\u00e9nes somos y en d\u00f3nde estamos parados, y con ello tener un panorama general de la situaci\u00f3n de la militancia; el d\u00eda de ayer la dirigente nacional Claudia Ruiz Massieu, refrend\u00f3 el m\u00e9todo de elecci\u00f3n del pr\u00f3ximo dirigente nacional, el cual ser\u00e1 a trav\u00e9s de las urnas, por ello la importancia de conocer cu\u00e1ntos militantes somos\u201d.<\/p>\n","protected":false},"excerpt":{"rendered":"<p>La Confederaci\u00f3n Nacional Campesina es la base social del priismo, as\u00ed lo reconoci\u00f3 el\u00a0 delegado del CEN, Enrique Martini\u00a0 al ser testigo del refrendo de los miembros de dicha organizaci\u00f3n al instituto pol\u00edtico. &nbsp; Como parte del programa nacional de Afiliaci\u00f3n y Refrendo de la militancia, los integrantes de la CNC encabezados por su dirigente, [&hellip;]<\/p>\n","protected":false},"author":2,"featured_media":64011,"comment_status":"closed","ping_status":"closed","sticky":false,"template":"","format":"standard","meta":{"footnotes":""},"categories":[11],"tags":[],"class_list":["post-64010","post","type-post","status-publish","format-standard","has-post-thumbnail","hentry","category-partidos-politicos"],"_links":{"self":[{"href":"https:\/\/radiowebmx.com\/nota\/wp-json\/wp\/v2\/posts\/64010","targetHints":{"allow":["GET"]}}],"collection":[{"href":"https:\/\/radiowebmx.com\/nota\/wp-json\/wp\/v2\/posts"}],"about":[{"href":"https:\/\/radiowebmx.com\/nota\/wp-json\/wp\/v2\/types\/post"}],"author":[{"embeddable":true,"href":"https:\/\/radiowebmx.com\/nota\/wp-json\/wp\/v2\/users\/2"}],"replies":[{"embeddable":true,"href":"https:\/\/radiowebmx.com\/nota\/wp-json\/wp\/v2\/comments?post=64010"}],"version-history":[{"count":1,"href":"https:\/\/radiowebmx.com\/nota\/wp-json\/wp\/v2\/posts\/64010\/revisions"}],"predecessor-version":[{"id":64012,"href":"https:\/\/radiowebmx.com\/nota\/wp-json\/wp\/v2\/posts\/64010\/revisions\/64012"}],"wp:featuredmedia":[{"embeddable":true,"href":"https:\/\/radiowebmx.com\/nota\/wp-json\/wp\/v2\/media\/64011"}],"wp:attachment":[{"href":"https:\/\/radiowebmx.com\/nota\/wp-json\/wp\/v2\/media?parent=64010"}],"wp:term":[{"taxonomy":"category","embeddable":true,"href":"https:\/\/radiowebmx.com\/nota\/wp-json\/wp\/v2\/categories?post=64010"},{"taxonomy":"post_tag","embeddable":true,"href":"https:\/\/radiowebmx.com\/nota\/wp-json\/wp\/v2\/tags?post=64010"}],"curies":[{"name":"wp","href":"https:\/\/api.w.org\/{rel}","templated":true}]}}