{"id":6401,"date":"2014-04-01T12:38:40","date_gmt":"2014-04-01T18:38:40","guid":{"rendered":"https:\/\/radiowebmx.com\/nota\/?p=6401"},"modified":"2014-04-01T12:38:40","modified_gmt":"2014-04-01T18:38:40","slug":"sistema-dif-estatal-supervisa-proyectos-productivos-en-alvaro-obregon","status":"publish","type":"post","link":"https:\/\/radiowebmx.com\/nota\/sistema-dif-estatal-supervisa-proyectos-productivos-en-alvaro-obregon\/","title":{"rendered":"SISTEMA DIF ESTATAL SUPERVISA PROYECTOS PRODUCTIVOS EN \u00c1LVARO OBREG\u00d3N"},"content":{"rendered":"<p><a href=\"https:\/\/radiowebmx.com\/nota\/wp-content\/uploads\/2014\/04\/DSC3929.jpg\"><img loading=\"lazy\" decoding=\"async\" class=\"alignleft size-full wp-image-6402\" alt=\"_DSC3929\" src=\"https:\/\/radiowebmx.com\/nota\/wp-content\/uploads\/2014\/04\/DSC3929.jpg\" width=\"591\" height=\"347\" \/><\/a>El Sistema para el Desarrollo Integral de la Familia (DIF)\u00a0Michoac\u00e1n, que preside Patricia Mora de Vallejo, y que dirige Nelly Sastr\u00e9 Gasca, a trav\u00e9s de la Direcci\u00f3n de Asistencia a Familias en Estado Vulnerable y Enlace Municipal (AFEVEM), realiz\u00f3 una visita de supervisi\u00f3n a una vibrobloquera en el municipio de \u00c1lvaro Obreg\u00f3n con el objetivo de conocer su operatividad y funcionamiento.<\/p>\n<p>Elena de Montserrat Celis Mart\u00ednez, titular de la direcci\u00f3n de AFEVEM, detall\u00f3 que el proyecto productivo de vibrobloqueras pertenece al programa de desarrollo comunitario \u201cComunidad DIFerente\u201d, el cual requiere tres premisas b\u00e1sicas para la operatividad: organizaci\u00f3n comunitaria para la autogesti\u00f3n, adquisici\u00f3n de conocimientos y habilidades e integraci\u00f3n de la vida comunitaria.<\/p>\n<p>En este eje es de resaltar que este a\u00f1o el programa de desarrollo comunitario se divide en tres apartados: infraestructura, rehabilitaci\u00f3n y\/o equipamiento y\/o de Espacios de Alimentaci\u00f3n; apoyo a familias con menores de seis a\u00f1os para contribuir a su acceso a la alimentaci\u00f3n y Comunidad DIFerente.<\/p>\n<p>El objetivo del subprograma \u201cComunidad DIFerente\u201d es implementar capacitaci\u00f3n y estrategias que fortalezcan los proyectos de organizaci\u00f3n en los grupos de desarrollo y que sean autogestoras de proyectos productivos y sociales en beneficio de su comunidad.<\/p>\n<p>Debido a las condiciones de las vibrobloqueras que opera el Sistema DIF Estatal se realiza la visita para conocer la operaci\u00f3n, almacenamiento y aspectos relacionados a la administraci\u00f3n, con el objetivo de retroalimentar los Grupos de Desarrollo Comunitario, y a su vez poder conocer las necesidades de los proyectos productivos.<\/p>\n<p>Las vibrobloqueras tienen como funci\u00f3n el elaborar adoqu\u00edn y blocks de cemento, con el objetivo de ayudar a la econom\u00eda familiar, adem\u00e1s de generar el autoconsumo.<\/p>\n<p>Los municipios donde se encuentran vibrobloqueras son: Jungapeo, Penjamillo, Salvador Escalante, Uruapan, Ziracuaretiro y Chinicuila.<\/p>\n","protected":false},"excerpt":{"rendered":"<p>El Sistema para el Desarrollo Integral de la Familia (DIF) Michoac\u00e1n, que preside Patricia Mora de Vallejo, y que dirige Nelly Sastr\u00e9 Gasca, a trav\u00e9s de la Direcci\u00f3n de Asistencia a Familias en Estado Vulnerable y Enlace Municipal (AFEVEM), <\/p>\n","protected":false},"author":1,"featured_media":0,"comment_status":"open","ping_status":"open","sticky":false,"template":"","format":"standard","meta":{"footnotes":""},"categories":[14,3],"tags":[],"class_list":["post-6401","post","type-post","status-publish","format-standard","hentry","category-destacadas","category-gobierno-del-estado-de-michoacan"],"_links":{"self":[{"href":"https:\/\/radiowebmx.com\/nota\/wp-json\/wp\/v2\/posts\/6401","targetHints":{"allow":["GET"]}}],"collection":[{"href":"https:\/\/radiowebmx.com\/nota\/wp-json\/wp\/v2\/posts"}],"about":[{"href":"https:\/\/radiowebmx.com\/nota\/wp-json\/wp\/v2\/types\/post"}],"author":[{"embeddable":true,"href":"https:\/\/radiowebmx.com\/nota\/wp-json\/wp\/v2\/users\/1"}],"replies":[{"embeddable":true,"href":"https:\/\/radiowebmx.com\/nota\/wp-json\/wp\/v2\/comments?post=6401"}],"version-history":[{"count":1,"href":"https:\/\/radiowebmx.com\/nota\/wp-json\/wp\/v2\/posts\/6401\/revisions"}],"predecessor-version":[{"id":6403,"href":"https:\/\/radiowebmx.com\/nota\/wp-json\/wp\/v2\/posts\/6401\/revisions\/6403"}],"wp:attachment":[{"href":"https:\/\/radiowebmx.com\/nota\/wp-json\/wp\/v2\/media?parent=6401"}],"wp:term":[{"taxonomy":"category","embeddable":true,"href":"https:\/\/radiowebmx.com\/nota\/wp-json\/wp\/v2\/categories?post=6401"},{"taxonomy":"post_tag","embeddable":true,"href":"https:\/\/radiowebmx.com\/nota\/wp-json\/wp\/v2\/tags?post=6401"}],"curies":[{"name":"wp","href":"https:\/\/api.w.org\/{rel}","templated":true}]}}