{"id":6397,"date":"2014-04-01T12:32:18","date_gmt":"2014-04-01T18:32:18","guid":{"rendered":"https:\/\/radiowebmx.com\/nota\/?p=6397"},"modified":"2014-04-01T12:32:18","modified_gmt":"2014-04-01T18:32:18","slug":"realizan-coloquio-para-impulsar-la-inclusion-educativa-en-nivel-basico","status":"publish","type":"post","link":"https:\/\/radiowebmx.com\/nota\/realizan-coloquio-para-impulsar-la-inclusion-educativa-en-nivel-basico\/","title":{"rendered":"REALIZAN COLOQUIO PARA IMPULSAR LA INCLUSI\u00d3N EDUCATIVA EN NIVEL B\u00c1SICO"},"content":{"rendered":"<p><a href=\"https:\/\/radiowebmx.com\/nota\/wp-content\/uploads\/2014\/04\/4Q4A5772.jpg\"><img loading=\"lazy\" decoding=\"async\" class=\"alignleft size-full wp-image-6398\" alt=\"4Q4A5772\" src=\"https:\/\/radiowebmx.com\/nota\/wp-content\/uploads\/2014\/04\/4Q4A5772.jpg\" width=\"591\" height=\"268\" \/><\/a>Con el objetivo de implementar estrategias para mejorar el \u00edndice de eficiencia terminal en el estado, se lleva a cabo el Coloquio denominado \u201cLa Inclusi\u00f3n en la Educaci\u00f3n B\u00e1sica y el Rezago Escolar, una mirada desde la escuela\u201d, que inici\u00f3 este lunes y concluye el martes 1 de abril.<\/p>\n<p>El evento fue organizado por la Unidad Estatal de Desarrollo Profesional del Magisterio (UNEDEPROM) en conjunto con la Articulaci\u00f3n Curricular de Educaci\u00f3n B\u00e1sica, y \u00a0tiene como objetivo que los 200 asistentes reflexionen sobre la experiencia existente en el estado sobre la educaci\u00f3n inclusiva, reconociendo primeramente los retos por cumplir; uno de ellos es disminuir la deserci\u00f3n escolar en Secundaria, que en el a\u00f1o 2010 fue de 10.8 por ciento en Michoac\u00e1n.<\/p>\n<p>Durante el acto inaugural, el director de la UNEDEPROM, Gerardo Baltazar Ch\u00e1vez, refiri\u00f3 que debido a la necesidad de implementar acciones que coadyuven a mejorar la eficiencia terminal, \u201cla Subsecretar\u00eda de Educaci\u00f3n B\u00e1sica federal y la estatal dise\u00f1aron diversas estrategias, una de ellas es volver los ojos a la escuela que es donde se generan las pr\u00e1cticas de exclusi\u00f3n que obligan a los alumnos a desertar\u201d.<\/p>\n<p>As\u00ed, en el Coloquio se analizar\u00e1 el sistema educativo estatal e implementar\u00e1n l\u00edneas de acci\u00f3n, como la formaci\u00f3n docente, que coadyuven a mejorar estos \u00edndices que obligan al alumno a no concluir su educaci\u00f3n b\u00e1sica.<\/p>\n<p>El compromiso de las autoridades se da como respuesta a lo dispuesto en la Ley General de Educaci\u00f3n y el Art\u00edculo 3\u00ba Constitucional, que establece una educaci\u00f3n plural, equitativa y que atienda la diversidad.<\/p>\n<p>\u201cLa intenci\u00f3n es concebir una escuela para todos, no \u00fanicamente la asistencia de los alumnos considerados como regulares, sino que incluya a todas las particularidades de los infantes, y justamente en la diversidad se encuentra una riqueza\u201d, asegur\u00f3 el director de la UNEDEPROM.<\/p>\n<p>En el evento se cont\u00f3 con la presencia de la directora general del Centro de Cooperaci\u00f3n Regional para la Educaci\u00f3n de Adultos en Am\u00e9rica Latina (CREFAL), Mercedes Calder\u00f3n Garc\u00eda; Delia Ayala S\u00e1nchez, directora de Educaci\u00f3n Elemental; Oliva Garc\u00eda Garc\u00eda, responsable de la Articulaci\u00f3n Curricular en Educaci\u00f3n B\u00e1sica; V\u00edctor Hugo Mena, subdirector de Educaci\u00f3n Especial; Dante Rojas Turja, subdirector de Secundarias T\u00e9cnicas y del director de Educaci\u00f3n Secundarias, Jos\u00e9 de Jes\u00fas Acosta Inda; este \u00faltimo realiz\u00f3 la declaratoria inaugural a nombre del secretario de Educaci\u00f3n, J. Jes\u00fas Sierra Arias.\u00a0<strong><\/strong><\/p>\n","protected":false},"excerpt":{"rendered":"<p>Con el objetivo de implementar estrategias para mejorar el \u00edndice de eficiencia terminal en el estado, se lleva a cabo el Coloquio denominado \u201cLa Inclusi\u00f3n en la Educaci\u00f3n B\u00e1sica y el Rezago Escolar, una mirada desde la escuela\u201d, que inici\u00f3 este lunes y concluye el martes 1 de abril.<\/p>\n","protected":false},"author":1,"featured_media":0,"comment_status":"open","ping_status":"open","sticky":false,"template":"","format":"standard","meta":{"footnotes":""},"categories":[14,3],"tags":[],"class_list":["post-6397","post","type-post","status-publish","format-standard","hentry","category-destacadas","category-gobierno-del-estado-de-michoacan"],"_links":{"self":[{"href":"https:\/\/radiowebmx.com\/nota\/wp-json\/wp\/v2\/posts\/6397","targetHints":{"allow":["GET"]}}],"collection":[{"href":"https:\/\/radiowebmx.com\/nota\/wp-json\/wp\/v2\/posts"}],"about":[{"href":"https:\/\/radiowebmx.com\/nota\/wp-json\/wp\/v2\/types\/post"}],"author":[{"embeddable":true,"href":"https:\/\/radiowebmx.com\/nota\/wp-json\/wp\/v2\/users\/1"}],"replies":[{"embeddable":true,"href":"https:\/\/radiowebmx.com\/nota\/wp-json\/wp\/v2\/comments?post=6397"}],"version-history":[{"count":2,"href":"https:\/\/radiowebmx.com\/nota\/wp-json\/wp\/v2\/posts\/6397\/revisions"}],"predecessor-version":[{"id":6400,"href":"https:\/\/radiowebmx.com\/nota\/wp-json\/wp\/v2\/posts\/6397\/revisions\/6400"}],"wp:attachment":[{"href":"https:\/\/radiowebmx.com\/nota\/wp-json\/wp\/v2\/media?parent=6397"}],"wp:term":[{"taxonomy":"category","embeddable":true,"href":"https:\/\/radiowebmx.com\/nota\/wp-json\/wp\/v2\/categories?post=6397"},{"taxonomy":"post_tag","embeddable":true,"href":"https:\/\/radiowebmx.com\/nota\/wp-json\/wp\/v2\/tags?post=6397"}],"curies":[{"name":"wp","href":"https:\/\/api.w.org\/{rel}","templated":true}]}}