{"id":6394,"date":"2014-04-01T12:20:58","date_gmt":"2014-04-01T18:20:58","guid":{"rendered":"https:\/\/radiowebmx.com\/nota\/?p=6394"},"modified":"2014-04-01T12:20:59","modified_gmt":"2014-04-01T18:20:59","slug":"firma-convenio-gobierno-del-estado-con-el-inadem-recibira-el-doble-de-recursos-que-otros-estados","status":"publish","type":"post","link":"https:\/\/radiowebmx.com\/nota\/firma-convenio-gobierno-del-estado-con-el-inadem-recibira-el-doble-de-recursos-que-otros-estados\/","title":{"rendered":"FIRMA CONVENIO GOBIERNO DEL ESTADO CON EL INADEM, RECIBIR\u00c1 EL DOBLE DE RECURSOS QUE OTROS ESTADOS"},"content":{"rendered":"<p><a href=\"https:\/\/radiowebmx.com\/nota\/wp-content\/uploads\/2014\/04\/convenio-INADEM-2.jpg\"><img loading=\"lazy\" decoding=\"async\" class=\"alignleft size-full wp-image-6395\" alt=\"convenio INADEM (2)\" src=\"https:\/\/radiowebmx.com\/nota\/wp-content\/uploads\/2014\/04\/convenio-INADEM-2.jpg\" width=\"591\" height=\"265\" \/><\/a>Queremos ver nuevamente a Michoac\u00e1n pr\u00f3spero y con bienestar y juntos lo vamos a lograr, destac\u00f3 Enrique Jacob Rocha, presidente del Instituto Nacional del Emprendedor, al signar con el gobernador Fausto Vallejo Figueroa, el convenio del Fondo Emprendedor mediante el cual Michoac\u00e1n recibir\u00e1 82 millones en la modalidad de asignaci\u00f3n directa por el Gobierno del Estado, con lo cual la entidad recibir\u00e1 el doble de recursos que otras entidades federativas.<\/p>\n<p>Al mostrar su benepl\u00e1cito por las acciones anunciadas este d\u00eda, en la gira de trabajo de los secretarios de Econom\u00eda, Ildefonso Guajardo Villareal y de Comunicaciones y Transportes, Gerardo Ruiz Esparza, el mandatario estatal Fausto Vallejo dijo a los empresarios que el gobierno que preside trabaja de la mano con la Federaci\u00f3n para potenciar a la entidad y en los pr\u00f3ximos d\u00edas anunciar\u00e1 una serie de medidas para empoderar a la ciudadan\u00eda.<\/p>\n<p>Por otra parte, dijo que \u201cm\u00e1s all\u00e1 de las discordias pol\u00edticas, yo creo que hay que aprovechar la intenci\u00f3n, la generosidad del Gobierno de la Rep\u00fablica en todas sus acciones, en materia de educaci\u00f3n, salud, carretera, agr\u00edcola, hidr\u00e1ulica, entre otras\u201d.<\/p>\n<p>En este evento del que fue testigo el secretario de Econom\u00eda, Ildefonso Guajardo Villareal, el funcionario federal inform\u00f3 que la dependencia a su cargo a partir de diversas acciones y programas derramar\u00e1 para Michoac\u00e1n alrededor de 360 millones de pesos.<\/p>\n<p>Record\u00f3 que en t\u00e9rminos del gran \u00e9xito de las exportaciones mexicanas, en febrero las estad\u00edsticas de balanza del comercio exterior mostraron que en el sector exportador uno de los sectores de mayor dinamismo fue justamente el agropecuario, con un crecimiento de alrededor del 10 por ciento y si ello se liga al hecho que Michoac\u00e1n es el mayor productor de productos agropecuarios, existen posibilidades de desarrollo. \u201cEl ingrediente principal para ello es el talento empresarial\u201d, dijo.<\/p>\n<p>Inform\u00f3 que habr\u00e1 un Congreso en Morelia con Pro M\u00e9xico donde se lanzar\u00e1 una convocatoria para inversi\u00f3n en el Estado, en que se invitar\u00e1 a empresarios internacionales y nacionales.<\/p>\n<p>Por su parte, Enrique Jacob, presidente del Instituto Nacional del Emprendedor, manifest\u00f3 que lograr el desarrollo integral de Michoac\u00e1n requiere trabajar de la mano con su gente, apostar por su talento, la fuerza de sus emprendedores y la solidez de su sector productivo.<\/p>\n<p>Explic\u00f3 que en el Fondo PYME 2013, el a\u00f1o pasado, Michoac\u00e1n fue beneficiado para 26 proyectos por un monto de 76 millones de pesos, en 2012 hab\u00eda obtenido la cantidad de 32 millones de pesos, es decir, en el 2013 se favoreci\u00f3 con poco m\u00e1s del doble.<\/p>\n<p>Pensando en el 2014 y que es el motivo de la suscripci\u00f3n del convenio, \u201ca nivel de todo el pa\u00eds estamos suscribiendo convenios con los gobiernos estatales que comprometen recursos del Fondo Emprendedor del orden de los 40 millones de pesos, sin embargo \u00e9ste compromete 82 millones en la modalidad de asignaci\u00f3n directa por el Gobierno del Estado\u201d, se\u00f1al\u00f3.<\/p>\n<p>Michoac\u00e1n recibir\u00eda 20 millones de pesos m\u00e1s, adem\u00e1s de que podr\u00eda recibir recursos cercanos a los 120 millones de pesos.<\/p>\n<p>Utilizando recursos del Sistema Nacional de Garant\u00edas, se est\u00e1n canalizando 100 millones de pesos que habr\u00e1n de garantizar una derrama crediticia de 500 millones de pesos en beneficio del desarrollo de Michoac\u00e1n.<\/p>\n<p>El secretario de Desarrollo Econ\u00f3mico del Estado, Manuel Ant\u00fanez \u00c1lvarez, asegur\u00f3 que el convenio es positivo porque el recurso recibido \u201ces un monto hist\u00f3rico\u201d.<\/p>\n<p>Posterior a la firma del convenio, los funcionarios sostuvieron una reuni\u00f3n con empresarios de los diferentes sectores productivos de Michoac\u00e1n, quienes les expusieron sus diversas inquietudes y propuestas y de la que fue part\u00edcipe el comisionado para la Seguridad y el Desarrollo Integral de Michoac\u00e1n, Alfredo Castillo Cervantes.<\/p>\n","protected":false},"excerpt":{"rendered":"<p>Queremos ver nuevamente a Michoac\u00e1n pr\u00f3spero y con bienestar y juntos lo vamos a lograr, destac\u00f3 Enrique Jacob Rocha, presidente del Instituto Nacional del Emprendedor, al signar con el gobernador Fausto Vallejo Figueroa, <\/p>\n","protected":false},"author":1,"featured_media":0,"comment_status":"open","ping_status":"open","sticky":false,"template":"","format":"standard","meta":{"footnotes":""},"categories":[14,3],"tags":[],"class_list":["post-6394","post","type-post","status-publish","format-standard","hentry","category-destacadas","category-gobierno-del-estado-de-michoacan"],"_links":{"self":[{"href":"https:\/\/radiowebmx.com\/nota\/wp-json\/wp\/v2\/posts\/6394","targetHints":{"allow":["GET"]}}],"collection":[{"href":"https:\/\/radiowebmx.com\/nota\/wp-json\/wp\/v2\/posts"}],"about":[{"href":"https:\/\/radiowebmx.com\/nota\/wp-json\/wp\/v2\/types\/post"}],"author":[{"embeddable":true,"href":"https:\/\/radiowebmx.com\/nota\/wp-json\/wp\/v2\/users\/1"}],"replies":[{"embeddable":true,"href":"https:\/\/radiowebmx.com\/nota\/wp-json\/wp\/v2\/comments?post=6394"}],"version-history":[{"count":1,"href":"https:\/\/radiowebmx.com\/nota\/wp-json\/wp\/v2\/posts\/6394\/revisions"}],"predecessor-version":[{"id":6396,"href":"https:\/\/radiowebmx.com\/nota\/wp-json\/wp\/v2\/posts\/6394\/revisions\/6396"}],"wp:attachment":[{"href":"https:\/\/radiowebmx.com\/nota\/wp-json\/wp\/v2\/media?parent=6394"}],"wp:term":[{"taxonomy":"category","embeddable":true,"href":"https:\/\/radiowebmx.com\/nota\/wp-json\/wp\/v2\/categories?post=6394"},{"taxonomy":"post_tag","embeddable":true,"href":"https:\/\/radiowebmx.com\/nota\/wp-json\/wp\/v2\/tags?post=6394"}],"curies":[{"name":"wp","href":"https:\/\/api.w.org\/{rel}","templated":true}]}}