{"id":63908,"date":"2019-05-07T14:08:03","date_gmt":"2019-05-07T19:08:03","guid":{"rendered":"https:\/\/radiowebmx.com\/nota\/?p=63908"},"modified":"2019-05-07T14:08:03","modified_gmt":"2019-05-07T19:08:03","slug":"instalan-comite-organizador-del-parlamento-infantil-2019","status":"publish","type":"post","link":"https:\/\/radiowebmx.com\/nota\/instalan-comite-organizador-del-parlamento-infantil-2019\/","title":{"rendered":"Instalan Comit\u00e9 Organizador del Parlamento Infantil 2019"},"content":{"rendered":"<div>Con la finalidad de darle voz a las generaciones de ni\u00f1as y ni\u00f1os michoacanos y con ello, fortalecer la unidad entre instituciones de gobierno y sociedad, la 74 Legislatura, instal\u00f3 el Comit\u00e9 Organizador del Primer Parlamento Infantil del Estado de Michoac\u00e1n 2019.<\/p>\n<\/div>\n<div>El comit\u00e9 en menci\u00f3n, ser\u00e1 presidido por la diputada Yarab\u00ed \u00c1vila Gonz\u00e1lez e integrado por los diputados Brenda Fraga Guti\u00e9rrez, Lucila Mart\u00ednez Manr\u00edquez, Wilma Zavala Ram\u00edrez, Mar\u00eda del Refugio Cabrera Hermosillo, Zenaida Salvador Br\u00edgido, Osiel Equihua Equihua y Norberto Antonio Mart\u00ednez Soto.<\/p>\n<\/div>\n<div>De lo anterior y ante la presencia del Consejero Presidente del Instituto Electoral de Michoac\u00e1n (IEM), Ram\u00f3n Hern\u00e1ndez Reyes; de Gerardo Herrera P\u00e9rez, en representaci\u00f3n de la Comisi\u00f3n Estatal de Derechos Humanos; as\u00ed como de representantes de la Secretar\u00eda de Educaci\u00f3n P\u00fablica y de la Universidad Michoacana de San Nicol\u00e1s de Hidalgo, el Presidente de la Mesa Directiva, Antonio Salas Valencia, inaugur\u00f3 los trabajos para la proyecci\u00f3n de este Primer Parlamento Infantil.<\/p>\n<\/div>\n<div>En este sentido, Salas Valencia reconoci\u00f3 el \u00edmpetu de los diputados integrantes de este Comit\u00e9 Organizador, quienes han insistido en la urgencia de darle voz a los ni\u00f1os michoacanos y con ello, adecuar las normas jur\u00eddicas locales para proteger sus derechos fundamentales, a lo que tambi\u00e9n celebr\u00f3 la incorporaci\u00f3n de las instituciones p\u00fablicas participantes, a fin de sumar esfuerzos que abonen en la construcci\u00f3n de mejores leyes para el bienestar de la ni\u00f1ez.<\/p>\n<\/div>\n<div>Por su parte, la presidenta del Comit\u00e9 Organizador, Yarab\u00ed \u00c1vila Gonz\u00e1lez, reconoci\u00f3 que este Primer Parlamento est\u00e1 dise\u00f1ado para que las ni\u00f1as y ni\u00f1os michoacanos expresen sus opiniones y hagan propuestas para mejorar e incidir en su entorno, pero adem\u00e1s, para construir a trav\u00e9s de pr\u00e1cticas de democracia, una mejor ciudadan\u00eda.<\/p>\n<\/div>\n<div>La diputada Brenda Fraga Guti\u00e9rrez, lament\u00f3 que a\u00fan existe mucha desinformaci\u00f3n respecto al funcionamiento y la trascendencia del trabajo legislativo, por lo que resulta fundamental entablar lazos m\u00e1s fuertes entre instituciones p\u00fablicas y sociedad y por ende, una nueva etapa de esfuerzos coordinados entre ambos, para un beneficio integral.<\/div>\n<div><\/div>\n<div>A su vez, la tambi\u00e9n integrante del Comit\u00e9 Organizador, Lucila Mart\u00ednez Manr\u00edquez, destac\u00f3 la oportunidad de que la participaci\u00f3n de la Secretar\u00eda de Educaci\u00f3n, coadyuve en la formaci\u00f3n de ni\u00f1os del nivel b\u00e1sico con mayor conocimiento sobre la formaci\u00f3n pol\u00edtica y c\u00edvica del estado; que sean cr\u00edticos y reflexivos para que desde sus \u00e1mbitos, puedan colaborar en la construcci\u00f3n de una mejor sociedad.<\/p>\n<\/div>\n<div>Cabe se\u00f1alar que la convocatoria ser\u00e1 publicada en pr\u00f3ximos d\u00edas en el portal web del Congreso del Estado, as\u00ed como en las redes sociales oficiales y a trav\u00e9s de los diputados en sus respectivos distritos y casas de enlace.<\/div>\n","protected":false},"excerpt":{"rendered":"<p>Con la finalidad de darle voz a las generaciones de ni\u00f1as y ni\u00f1os michoacanos y con ello, fortalecer la unidad entre instituciones de gobierno y sociedad, la 74 Legislatura, instal\u00f3 el Comit\u00e9 Organizador del Primer Parlamento Infantil del Estado de Michoac\u00e1n 2019. El comit\u00e9 en menci\u00f3n, ser\u00e1 presidido por la diputada Yarab\u00ed \u00c1vila Gonz\u00e1lez e [&hellip;]<\/p>\n","protected":false},"author":2,"featured_media":63909,"comment_status":"closed","ping_status":"closed","sticky":false,"template":"","format":"standard","meta":{"footnotes":""},"categories":[11],"tags":[],"class_list":["post-63908","post","type-post","status-publish","format-standard","has-post-thumbnail","hentry","category-partidos-politicos"],"_links":{"self":[{"href":"https:\/\/radiowebmx.com\/nota\/wp-json\/wp\/v2\/posts\/63908","targetHints":{"allow":["GET"]}}],"collection":[{"href":"https:\/\/radiowebmx.com\/nota\/wp-json\/wp\/v2\/posts"}],"about":[{"href":"https:\/\/radiowebmx.com\/nota\/wp-json\/wp\/v2\/types\/post"}],"author":[{"embeddable":true,"href":"https:\/\/radiowebmx.com\/nota\/wp-json\/wp\/v2\/users\/2"}],"replies":[{"embeddable":true,"href":"https:\/\/radiowebmx.com\/nota\/wp-json\/wp\/v2\/comments?post=63908"}],"version-history":[{"count":1,"href":"https:\/\/radiowebmx.com\/nota\/wp-json\/wp\/v2\/posts\/63908\/revisions"}],"predecessor-version":[{"id":63910,"href":"https:\/\/radiowebmx.com\/nota\/wp-json\/wp\/v2\/posts\/63908\/revisions\/63910"}],"wp:featuredmedia":[{"embeddable":true,"href":"https:\/\/radiowebmx.com\/nota\/wp-json\/wp\/v2\/media\/63909"}],"wp:attachment":[{"href":"https:\/\/radiowebmx.com\/nota\/wp-json\/wp\/v2\/media?parent=63908"}],"wp:term":[{"taxonomy":"category","embeddable":true,"href":"https:\/\/radiowebmx.com\/nota\/wp-json\/wp\/v2\/categories?post=63908"},{"taxonomy":"post_tag","embeddable":true,"href":"https:\/\/radiowebmx.com\/nota\/wp-json\/wp\/v2\/tags?post=63908"}],"curies":[{"name":"wp","href":"https:\/\/api.w.org\/{rel}","templated":true}]}}