{"id":639,"date":"2012-12-17T09:51:25","date_gmt":"2012-12-17T15:51:25","guid":{"rendered":"https:\/\/radiowebmx.com\/nota\/?p=639"},"modified":"2012-12-17T09:51:25","modified_gmt":"2012-12-17T15:51:25","slug":"michoacan-con-calidad-de-exportacion","status":"publish","type":"post","link":"https:\/\/radiowebmx.com\/nota\/michoacan-con-calidad-de-exportacion\/","title":{"rendered":"MICHOAC\u00c1N, CON CALIDAD DE EXPORTACI\u00d3N"},"content":{"rendered":"<p><img loading=\"lazy\" decoding=\"async\" class=\"alignnone\" src=\"http:\/\/img831.imageshack.us\/img831\/1189\/seleccin13.jpg\" alt=\"\" width=\"591\" height=\"443\" \/>Una vez m\u00e1s Michoac\u00e1n demostr\u00f3 que cuenta con lugares, tradiciones, cultura, gastronom\u00eda y\u00a0 artesan\u00edas con calidad de exportaci\u00f3n. Lo anterior, en el marco de la Navidad Mexicana en el Vaticano\u201d dedicada a nuestro estado, semana de actividades en la que el gobernador Fausto Vallejo Figueroa estuvo presente en la ceremonia de apertura oficial de los dos nacimientos elaborados por artesanos michoacanos que representar\u00e1n a nuestra entidad.<\/p>\n<p>El mandatario estatal recibi\u00f3 del jefe del Estado Vaticano, Benedicto XVI, el mensaje de paz, unidad, justicia y tranquilidad para los michoacanos y mexicanos, as\u00ed como el agradecimiento por los nacimientos elaborados por artesanos michoacanos que estar\u00e1n expuestos hasta el 02 de febrero en el Aula Paulo VI,<\/p>\n<p>Los arbolitos de navidad adornados con artesan\u00edas michoacanas y la muestra fotogr\u00e1fica se exhiben adem\u00e1s en el Museo de El Vaticano y en la V\u00eda de la Conciliaci\u00f3n, sitios en donde se prev\u00e9 que al menos 5 millones de turistas puedan apreciar la creatividad, tradici\u00f3n y magia de las manos michoacanas, ya que se estima que en la v\u00eda principal, circulan alrededor de 100 mil visitantes diarios, mientras que son cerca de 50 mil personas las que d\u00eda a d\u00eda acuden a los museos de El Vaticano.<\/p>\n<p>Con pocos recursos, mucha creatividad pero sobre todo el trabajo de nuestros artesanos, el nombre de Michoac\u00e1n qued\u00f3 muy en alto, ya que miles de visitantes han admirado la grandeza de nuestro estado, la calidad de las artesan\u00edas elaboradas por \u00a0hombres y mujeres que permiten abrir los mercados del mundo a las bellas piezas con sello michoacano.<\/p>\n<p>En materia de inversi\u00f3n y desarrollo econ\u00f3mico, el gobernador Vallejo Figueroa y empresarios michoacanos sostuvieron una reuni\u00f3n de trabajo con hombres de negocios italianos, quienes mostraron su inter\u00e9s por invertir en Michoac\u00e1n, sobre todo en lo que se refiere al desarrollo de energ\u00edas renovables. De ser posible esto, la entidad se colocar\u00eda a la vanguardia en el pa\u00eds en el impulso de estas tecnolog\u00edas, pero lo m\u00e1s importante, se abrir\u00edan oportunidades de empleos para cientos de michoacanos.<\/p>\n<p>Durante pr\u00e1cticamente una semana de actividades y como parte del programa \u201cNavidad Mexicana en El Vaticano\u201d, el gobernador Fausto Vallejo Figueroa y la comitiva oficial estatal, aprovecharon el espacio de promoci\u00f3n de las riquezas de la entidad y reunirse con empresarios y autoridades italianas, a fin de estrechar los lazos de amistad, econ\u00f3micos y sociales. Esto, gracias al patrocinio de empresas como Cemex, Cin\u00e9polis, Telmex, Aerom\u00e9xico y Banamex.<\/p>\n<p>Vallejo Figueroa, que hizo su primera visita de Estado fuera del pa\u00eds, fue recibido por el Papa Benedicto XVI , por el Secretario de Estado, Tarcisio Bertone y el gobernador de la ciudad de El Vaticano, Giuseppe\u00a0Bertello, quienes con agrado participaron de las muestras culturales que se ofrecieron a los italianos y visitantes.<\/p>\n<p>Durante una recepci\u00f3n posterior a la apertura oficial de los dos nacimientos, se ofrecieron a la audiencia todo de tipo de antojitos: charalitos, platillos terracalente\u00f1os, mole de queso con conejo, corunditas rellenas de acelga y zanahoria, atole de tamarindo, entre otras delicias que forman parte de la base que tom\u00f3 la UNESCO para dar la denominaci\u00f3n de Patrimonio Cultural Inmaterial de la Humanidad, a la cocina mexicana.<\/p>\n<p>Futbolitos, baleros, trompos, guitarras, fueron tambi\u00e9n algunos de los juguetes y art\u00edculos elaborados en tierras michoacanas, de los cuales gozaron los visitantes, incluido el gobernador Fausto Vallejo y el cardenal Giuseppe Bertello.<\/p>\n<p>Las internacionales pirekuas entonadas por el grupo de cuerdas Erandi, pusieron a bailar a algunos paseantes, mientras que otro tanto observ\u00f3 los pasos de los integrantes del ballet folcl\u00f3rico C\u00f3rcovi.<\/p>\n<p>Pero adem\u00e1s, los transe\u00fantes de la V\u00eda de la Conciliaci\u00f3n, conocieron las m\u00faltiples caras, colores y para\u00edsos terrenales que pueden encontrarse en Michoac\u00e1n, a trav\u00e9s de la muestra fotogr\u00e1fica de 60 im\u00e1genes que se exhibi\u00f3 sobre esta arteria principal y algunos de los museos de El Vaticano.<\/p>\n<p>Este programa de promoci\u00f3n tur\u00edstica y acercamiento entre dos culturas, del que fueron part\u00edcipes los propios artesanos creadores de las piezas, cocineras tradicionales, m\u00fasicos y bailarines, tendr\u00e1 presencia en esta regi\u00f3n de la pen\u00ednsula it\u00e1lica hasta el pr\u00f3ximo 02 de febrero de 2013.<\/p>\n<p>De esta manera, la presencia de Michoac\u00e1n en el mundo se fortalece y confirma que nuestro estado tiene mucho de qu\u00e9 presumir, pero sobre todo, que tiene grandes oportunidades de desarrollo que ser\u00e1n posibles mediante la conjunci\u00f3n de esfuerzos de todos los sectores.<\/p>\n","protected":false},"excerpt":{"rendered":"<p>Una vez m\u00e1s Michoac\u00e1n demostr\u00f3 que cuenta con lugares, tradiciones, cultura, gastronom\u00eda y  artesan\u00edas con calidad de exportaci\u00f3n. Lo anterior, en el marco de la Navidad Mexicana en el Vaticano\u201d dedicada a nuestro estado, semana de actividades en la que el gobernador Fausto Vallejo Figueroa estuvo presente en la ceremonia de apertura oficial de los dos nacimientos elaborados por artesanos michoacanos que representar\u00e1n a nuestra entidad.<\/p>\n","protected":false},"author":1,"featured_media":0,"comment_status":"open","ping_status":"open","sticky":false,"template":"","format":"standard","meta":{"footnotes":""},"categories":[3],"tags":[],"class_list":["post-639","post","type-post","status-publish","format-standard","hentry","category-gobierno-del-estado-de-michoacan"],"_links":{"self":[{"href":"https:\/\/radiowebmx.com\/nota\/wp-json\/wp\/v2\/posts\/639","targetHints":{"allow":["GET"]}}],"collection":[{"href":"https:\/\/radiowebmx.com\/nota\/wp-json\/wp\/v2\/posts"}],"about":[{"href":"https:\/\/radiowebmx.com\/nota\/wp-json\/wp\/v2\/types\/post"}],"author":[{"embeddable":true,"href":"https:\/\/radiowebmx.com\/nota\/wp-json\/wp\/v2\/users\/1"}],"replies":[{"embeddable":true,"href":"https:\/\/radiowebmx.com\/nota\/wp-json\/wp\/v2\/comments?post=639"}],"version-history":[{"count":1,"href":"https:\/\/radiowebmx.com\/nota\/wp-json\/wp\/v2\/posts\/639\/revisions"}],"predecessor-version":[{"id":640,"href":"https:\/\/radiowebmx.com\/nota\/wp-json\/wp\/v2\/posts\/639\/revisions\/640"}],"wp:attachment":[{"href":"https:\/\/radiowebmx.com\/nota\/wp-json\/wp\/v2\/media?parent=639"}],"wp:term":[{"taxonomy":"category","embeddable":true,"href":"https:\/\/radiowebmx.com\/nota\/wp-json\/wp\/v2\/categories?post=639"},{"taxonomy":"post_tag","embeddable":true,"href":"https:\/\/radiowebmx.com\/nota\/wp-json\/wp\/v2\/tags?post=639"}],"curies":[{"name":"wp","href":"https:\/\/api.w.org\/{rel}","templated":true}]}}