{"id":63896,"date":"2019-05-06T09:53:55","date_gmt":"2019-05-06T14:53:55","guid":{"rendered":"https:\/\/radiowebmx.com\/nota\/?p=63896"},"modified":"2019-05-06T09:53:55","modified_gmt":"2019-05-06T14:53:55","slug":"propone-accion-nacional-medidas-para-mejorar-las-condiciones-economicas-del-pais","status":"publish","type":"post","link":"https:\/\/radiowebmx.com\/nota\/propone-accion-nacional-medidas-para-mejorar-las-condiciones-economicas-del-pais\/","title":{"rendered":"Propone Acci\u00f3n Nacional medidas para mejorar las condiciones econ\u00f3micas del pa\u00eds"},"content":{"rendered":"<p>El PND es solo un manifiesto pol\u00edtico e ideol\u00f3gico del Presidente; carece de diagn\u00f3stico y estad\u00edstica; ya basta de echar culpas: Marko Cort\u00e9s.<\/p>\n<p>Disminuir la tasa del ISR para empresas que abran nuevos empleos, reducir el IEPS para combustibles y aumentar inversi\u00f3n p\u00fablica en infraestructura, entre las medidas.<br \/>\nLos gobiernos estatales y municipales de Acci\u00f3n Nacional crecen por arriba de la media nacional.<\/p>\n<p>Sin menospreciar las buenas intenciones del gobierno por alcanzar un crecimiento promedio del PIB de cuatro por ciento durante el sexenio, el Plan Nacional de Desarrollo 2019 carece de un diagn\u00f3stico real y cifras estad\u00edsticas que den sustento a tal pron\u00f3stico, m\u00e1s bien, se trata de un manifiesto pol\u00edtico, ideol\u00f3gico y propagand\u00edstico del Presidente, Andr\u00e9s Manuel L\u00f3pez Obrador.<\/p>\n<p>As\u00ed lo afirmo\u0301 el dirigente de Acci\u00f3n Nacional, Marko Cort\u00e9s Mendoza, tras se\u00f1alar que el documento esta\u0301 totalmente alejado de la realidad, porque plantea un regreso al pasado y solo le echa la culpa de todos los males del pa\u00eds al neoliberalismo.<\/p>\n<p>Aseguro\u0301 que el Plan Nacional de Desarrollo no precisa c\u00f3mo ni con que\u0301 pol\u00edticas p\u00fablicas se buscara\u0301 resolver los grandes problemas y retos nacionales.<\/p>\n<p>En Acci\u00f3n Nacional creemos en las libertades incluyendo la econ\u00f3mica, por eso nos preocupa la visi\u00f3n conservadora del gobierno federal de regresar a un Estado interventor de la econom\u00eda, regresar a los precios de garant\u00eda o a los subsidios, modelos econ\u00f3micos que ya han fracasado, as\u00ed como el planteamiento de una pol\u00edtica social basada \u00fanicamente en el reparto de dinero y sin ning\u00fan enfoque al desarrollo, capacitaci\u00f3n y apoyo subsidiario a la gente para que pueda salir adelante por si\u0301 misma.<\/p>\n<p>Marko Cort\u00e9s destaco\u0301 que, a partir del preocupante estancamiento de la econom\u00eda en los primeros tres meses del a\u00f1o, de acuerdo con datos oficiales, es urgente corregir el rumbo. Frente a la grave realidad econ\u00f3mica del pa\u00eds, Acci\u00f3n Nacional propone medidas concretas para reactivar la inversi\u00f3n, la generaci\u00f3n de empleos y el consumo.<\/p>\n<p>Para lograr un M\u00e9xico productivo, se propone:<\/p>\n<p>Disminuir la tasa del ISR para empresas que generen nuevos empleos formales; otorgar incentivos fiscales para aumentar el ingreso del 40% de la poblaci\u00f3n que recibe un ingreso inferior al costo de la canasta alimenticia; aumentar la inversi\u00f3n p\u00fablica en infraestructura; y mejorar los est\u00edmulos fiscales para la Inversi\u00f3n Extranjera Directa.<\/p>\n<p>Es necesario corregir las malas decisiones de arranque de gobierno, bas\u00e1ndolas en estudios t\u00e9cnicos y no pol\u00edticos, reactivando los proyectos del aeropuerto de Texcoco, de las zonas econ\u00f3micas especiales, el programa de las estancias infantiles para las madres trabajadoras; y por otro lado, es necesario posponer y reconsiderar gastar miles de millones en el proyecto de refiner\u00eda en dos bocas o del tren maya hasta que se cuenten con los estudios previos del impacto-beneficio que acrediten sus resultados.<\/p>\n<p>Asimismo, para activar el mercado interno, ser\u00e1 necesario reducir el Impuesto Especial de Productos y Servicios para combustibles, para lograr que baje el precio de las gasolinas; destinar m\u00e1s fondos para infraestructura y proyectos de desarrollo estatal, municipal y regional; y aumentar los est\u00edmulos fiscales para la repatriaci\u00f3n de capitales, entre otras medidas.<\/p>\n<p>Cort\u00e9s Mendoza aseguro\u0301 que con este tipo de acciones a\u00fan se pueden corregir las condiciones econ\u00f3micas del pa\u00eds.<\/p>\n<p>Con mucha satisfacci\u00f3n podemos decir que los gobiernos de Acci\u00f3n Nacional, agrego\u0301, han dado muestra de ello, ya que, de acuerdo con el Inegi, la mayor\u00eda de los estados y municipios que gobierna el PAN registran crecimiento econ\u00f3mico superior a la media, con tasas que van del tres por ciento hasta el 6 por ciento del Producto Interno Bruto anual.<\/p>\n<p>\u201cHacemos un llamado a la prudencia del gobierno de Morena, a fin de que se tomen medidas responsables que permitan afrontar de mejor manera los retos que presenta la econom\u00eda de M\u00e9xico. Acci\u00f3n Nacional esta\u0301 puesto para apoyar estos cambios para el beneficio de la poblaci\u00f3n. Espero que el gobierno tenga apertura y sensibilidad\u201d, concluyo\u0301.<\/p>\n","protected":false},"excerpt":{"rendered":"<p>El PND es solo un manifiesto pol\u00edtico e ideol\u00f3gico del Presidente; carece de diagn\u00f3stico y estad\u00edstica; ya basta de echar culpas: Marko Cort\u00e9s. Disminuir la tasa del ISR para empresas que abran nuevos empleos, reducir el IEPS para combustibles y aumentar inversi\u00f3n p\u00fablica en infraestructura, entre las medidas. Los gobiernos estatales y municipales de Acci\u00f3n [&hellip;]<\/p>\n","protected":false},"author":2,"featured_media":63897,"comment_status":"closed","ping_status":"closed","sticky":false,"template":"","format":"standard","meta":{"footnotes":""},"categories":[11],"tags":[],"class_list":["post-63896","post","type-post","status-publish","format-standard","has-post-thumbnail","hentry","category-partidos-politicos"],"_links":{"self":[{"href":"https:\/\/radiowebmx.com\/nota\/wp-json\/wp\/v2\/posts\/63896","targetHints":{"allow":["GET"]}}],"collection":[{"href":"https:\/\/radiowebmx.com\/nota\/wp-json\/wp\/v2\/posts"}],"about":[{"href":"https:\/\/radiowebmx.com\/nota\/wp-json\/wp\/v2\/types\/post"}],"author":[{"embeddable":true,"href":"https:\/\/radiowebmx.com\/nota\/wp-json\/wp\/v2\/users\/2"}],"replies":[{"embeddable":true,"href":"https:\/\/radiowebmx.com\/nota\/wp-json\/wp\/v2\/comments?post=63896"}],"version-history":[{"count":1,"href":"https:\/\/radiowebmx.com\/nota\/wp-json\/wp\/v2\/posts\/63896\/revisions"}],"predecessor-version":[{"id":63898,"href":"https:\/\/radiowebmx.com\/nota\/wp-json\/wp\/v2\/posts\/63896\/revisions\/63898"}],"wp:featuredmedia":[{"embeddable":true,"href":"https:\/\/radiowebmx.com\/nota\/wp-json\/wp\/v2\/media\/63897"}],"wp:attachment":[{"href":"https:\/\/radiowebmx.com\/nota\/wp-json\/wp\/v2\/media?parent=63896"}],"wp:term":[{"taxonomy":"category","embeddable":true,"href":"https:\/\/radiowebmx.com\/nota\/wp-json\/wp\/v2\/categories?post=63896"},{"taxonomy":"post_tag","embeddable":true,"href":"https:\/\/radiowebmx.com\/nota\/wp-json\/wp\/v2\/tags?post=63896"}],"curies":[{"name":"wp","href":"https:\/\/api.w.org\/{rel}","templated":true}]}}