{"id":6388,"date":"2014-04-01T11:48:40","date_gmt":"2014-04-01T17:48:40","guid":{"rendered":"https:\/\/radiowebmx.com\/nota\/?p=6388"},"modified":"2014-04-01T11:48:40","modified_gmt":"2014-04-01T17:48:40","slug":"en-la-piedad-arranca-foro-de-interculturalidad-en-salud","status":"publish","type":"post","link":"https:\/\/radiowebmx.com\/nota\/en-la-piedad-arranca-foro-de-interculturalidad-en-salud\/","title":{"rendered":"EN LA PIEDAD, ARRANCA FORO DE INTERCULTURALIDAD EN SALUD"},"content":{"rendered":"<p>La Secretar\u00eda de Salud en Michoac\u00e1n, arranc\u00f3 en el municipio de La Piedad el Primer Foro denominado \u201cDi\u00e1logo, encuentros de interculturalidad en salud y grupos vulnerables\u201d, para gente con discapacidad.<\/p>\n<p>&nbsp;<\/p>\n<p>Cabe mencionar que este foro es el primero de siete m\u00e1s que se desarrollar\u00e1n en el transcurso del a\u00f1o en diversos municipios de la entidad; donde se trabajar\u00e1 con mujeres campesinas, afrodescendientes, grupos con preferencias sexuales diferentes, migrantes, adultos mayores, ni\u00f1os, ni\u00f1as y adolescentes.<\/p>\n<p>&nbsp;<\/p>\n<p>Lo anterior, a fin de mejorar la calidad y el acceso a la atenci\u00f3n a la salud de la poblaci\u00f3n michoacana considerando la diversidad cultural en el marco de atenci\u00f3n a la salud, principalmente en la poblaci\u00f3n vulnerable.<\/p>\n<p>&nbsp;<\/p>\n<p>Se pretende consolidar a la SSM como un modelo intercultural y complementario de atenci\u00f3n a la salud, que considere y respete la diversidad, los derechos humanos, de g\u00e9nero y las expectativas y necesidades de atenci\u00f3n de los usuarios, fortaleciendo sus capacidades para el ejercicio de los derechos ciudadanos.<\/p>\n<p>&nbsp;<\/p>\n<p>La jefa del Departamento de Desarrollo Comunitario y Salud Comunitaria, Juana Imelda Herrera P\u00e9rez, manifest\u00f3 que la palabra interculturalidad pretende fomentar la horizontalidad, aceptaci\u00f3n, respeto, inclusi\u00f3n, equidad, reciprocidad y solidaridad, \u201cno s\u00f3lo se refiere a su \u00e1mbito en las regiones ind\u00edgenas, sino tambi\u00e9n en las ciudades, en el contexto de la interacci\u00f3n de diversos grupos socioculturales de muy diversa \u00edndole e intereses\u201d, dijo.<\/p>\n<p>&nbsp;<\/p>\n<p>Por ello, incorporar la interculturalidad en la operatividad de los programas de la SSM implica, entre otras cosas, fortalecer las habilidades de interrelaci\u00f3n del personal de salud para la comprensi\u00f3n y la comunidad con la poblaci\u00f3n que posee una cultura diferente.<\/p>\n<p>&nbsp;<\/p>\n<p>En esta ocasi\u00f3n se trabaj\u00f3 con 120 personas con discapacidad, 400 estudiantes de Enfermer\u00eda, 100 de Psicolog\u00eda y 100 de Ciencias de la Salud, para lo cual se cont\u00f3 con el apoyo de un int\u00e9rprete de lenguaje de se\u00f1as.<\/p>\n<p>&nbsp;<\/p>\n<p>En este foro se trabaj\u00f3 bajo dos premisas: sensibilizar a los futuros profesionales de la salud en interculturalidad en salud para que den una atenci\u00f3n de calidad, calidez y pertinencia a las necesidades de la poblaci\u00f3n. As\u00ed como identificar barreras culturales, avances y retos m\u00e1s relevantes en materia de salud con los grupos minoritarios en Michoac\u00e1n, con la finalidad de instrumentar pol\u00edticas p\u00fablicas para mejorar el acceso a los servicios de salud.<\/p>\n<p>&nbsp;<\/p>\n<p>En cuanto a las personas con discapacidad, al terminar el foro se llev\u00f3 a cabo una mesa de trabajo con ellos para conocer de viva voz cu\u00e1les son las barreras que observan cuando acuden a solicitar un servicio de salud, con el prop\u00f3sito de saber c\u00f3mo la SSM podr\u00eda convertirse en facilitadora para el acceso a los servicios que requieren.<\/p>\n<p>&nbsp;<\/p>\n","protected":false},"excerpt":{"rendered":"<p>La Secretar\u00eda de Salud en Michoac\u00e1n, arranc\u00f3 en el municipio de La Piedad el Primer Foro denominado \u201cDi\u00e1logo, encuentros de interculturalidad en salud y grupos vulnerables\u201d, para gente con discapacidad.<\/p>\n","protected":false},"author":1,"featured_media":0,"comment_status":"open","ping_status":"open","sticky":false,"template":"","format":"standard","meta":{"footnotes":""},"categories":[3],"tags":[],"class_list":["post-6388","post","type-post","status-publish","format-standard","hentry","category-gobierno-del-estado-de-michoacan"],"_links":{"self":[{"href":"https:\/\/radiowebmx.com\/nota\/wp-json\/wp\/v2\/posts\/6388","targetHints":{"allow":["GET"]}}],"collection":[{"href":"https:\/\/radiowebmx.com\/nota\/wp-json\/wp\/v2\/posts"}],"about":[{"href":"https:\/\/radiowebmx.com\/nota\/wp-json\/wp\/v2\/types\/post"}],"author":[{"embeddable":true,"href":"https:\/\/radiowebmx.com\/nota\/wp-json\/wp\/v2\/users\/1"}],"replies":[{"embeddable":true,"href":"https:\/\/radiowebmx.com\/nota\/wp-json\/wp\/v2\/comments?post=6388"}],"version-history":[{"count":1,"href":"https:\/\/radiowebmx.com\/nota\/wp-json\/wp\/v2\/posts\/6388\/revisions"}],"predecessor-version":[{"id":6389,"href":"https:\/\/radiowebmx.com\/nota\/wp-json\/wp\/v2\/posts\/6388\/revisions\/6389"}],"wp:attachment":[{"href":"https:\/\/radiowebmx.com\/nota\/wp-json\/wp\/v2\/media?parent=6388"}],"wp:term":[{"taxonomy":"category","embeddable":true,"href":"https:\/\/radiowebmx.com\/nota\/wp-json\/wp\/v2\/categories?post=6388"},{"taxonomy":"post_tag","embeddable":true,"href":"https:\/\/radiowebmx.com\/nota\/wp-json\/wp\/v2\/tags?post=6388"}],"curies":[{"name":"wp","href":"https:\/\/api.w.org\/{rel}","templated":true}]}}