{"id":6385,"date":"2014-04-01T11:47:04","date_gmt":"2014-04-01T17:47:04","guid":{"rendered":"https:\/\/radiowebmx.com\/nota\/?p=6385"},"modified":"2014-04-01T11:47:04","modified_gmt":"2014-04-01T17:47:04","slug":"son-12-las-finalistas-para-senorita-expo-feria-michoacan-2014","status":"publish","type":"post","link":"https:\/\/radiowebmx.com\/nota\/son-12-las-finalistas-para-senorita-expo-feria-michoacan-2014\/","title":{"rendered":"SON 12 LAS FINALISTAS PARA SE\u00d1ORITA EXPO FERIA MICHOAC\u00c1N 2014"},"content":{"rendered":"<p><a href=\"https:\/\/radiowebmx.com\/nota\/wp-content\/uploads\/2014\/04\/finalistas-3.jpg\"><img loading=\"lazy\" decoding=\"async\" class=\"alignleft size-full wp-image-6386\" alt=\"finalistas (3)\" src=\"https:\/\/radiowebmx.com\/nota\/wp-content\/uploads\/2014\/04\/finalistas-3.jpg\" width=\"591\" height=\"301\" \/><\/a>Despu\u00e9s de pasar cada una de las etapas de la Convocatoria \u201cT\u00fa puedes ser la Reina de la Feria\u201d, son 12 las j\u00f3venes michoacanas finalistas dignas representantes de nuestro estado, de las cuales una ser\u00e1 electa como Reina de la Expo Feria 2014, as\u00ed lo dio a conocer en rueda de prensa el secretario de Turismo del estado, Roberto Monroy Garc\u00eda.<\/p>\n<p>&nbsp;<\/p>\n<p>El pr\u00f3ximo s\u00e1bado 5 de abril se llevar\u00e1 a cabo el Certamen, teniendo como marco el espect\u00e1culo de luces y multimedia de la Catedral de Morelia, ya que trat\u00e1ndose de una fiesta que busca exaltar las tradiciones de la entidad, se realizar\u00e1 de manera p\u00fablica para que todos los michoacanos sean testigos del inicio de esta gran escaparate cultural que se aproxima.<\/p>\n<p>&nbsp;<\/p>\n<p>Es importante destacar que el pasado 15 de marzo se realiz\u00f3 el Casting en el Recinto Ferial, a donde acudieron 41 se\u00f1oritas de 24 municipios de la entidad; posterior a ello, resultaron 20 semifinalistas quienes recibieron una capacitaci\u00f3n de 3 d\u00edas, en donde se les prepar\u00f3 de manera intensiva en temas de cultura general,\u00a0modelaje, oratoria, maquillaje, peinado, acondicionamiento f\u00edsico y cuidado de la piel.<\/p>\n<p>&nbsp;<\/p>\n<p>Asimismo, el secretario de Turismo del Estado, Roberto Monroy Garc\u00eda dio a conocer que la edici\u00f3n 2014 de la Expo Feria Michoac\u00e1n se llevar\u00e1 a cabo del 30 de abril al 18 de mayo.<\/p>\n<p>&nbsp;<\/p>\n<p>Anunci\u00f3 tambi\u00e9n que el programa de actividades y la coordinaci\u00f3n del evento en general, estar\u00e1n a cargo de un Consejo Ciudadano y adelant\u00f3 que en fechas pr\u00f3ximas se dar\u00e1n a conocer sus integrantes.<\/p>\n<p>&nbsp;<\/p>\n<p>Por otra parte, Monroy Garc\u00eda coment\u00f3 que como encargado de la Direcci\u00f3n del m\u00e1ximo escaparate ganadero, gastron\u00f3mico y cultural de Michoac\u00e1n, estar\u00e1 Zeus Rodr\u00edguez Miranda, quien se ven\u00eda desempe\u00f1ando como Director de Vinculaci\u00f3n de la Secretaria de Turismo del estado.<\/p>\n<p>&nbsp;<\/p>\n<p><b>Finalistas al Certamen Se\u00f1orita Expo Feria 2014:<\/b><\/p>\n<p>&nbsp;<\/p>\n<table width=\"437\" border=\"1\" cellspacing=\"0\" cellpadding=\"0\">\n<tbody>\n<tr>\n<td width=\"314\"><b>NOMBRE<\/b><\/td>\n<td width=\"124\"><b>\u00a0<\/b><\/p>\n<p><b>MUNICIPIO<\/b><\/p>\n<p><b>\u00a0<\/b><\/td>\n<\/tr>\n<tr>\n<td width=\"314\">Arizb\u00e9 Palomares Morales<\/td>\n<td width=\"124\">Par\u00e1cuaro<\/td>\n<\/tr>\n<tr>\n<td width=\"314\">Magdalena Chipres Herrera<\/td>\n<td width=\"124\">Zamora<\/td>\n<\/tr>\n<tr>\n<td width=\"314\">Karina Anah\u00ed Ibarra Medrano<\/td>\n<td width=\"124\">Zamora<\/td>\n<\/tr>\n<tr>\n<td width=\"314\">Karla Vanessa P\u00e9rez Suarez<\/td>\n<td width=\"124\">Cojumatl\u00e1n<\/td>\n<\/tr>\n<tr>\n<td width=\"314\">Ana Rosa Coyt Mendoza<\/td>\n<td width=\"124\">Jiquilpan<\/td>\n<\/tr>\n<tr>\n<td width=\"314\">Diana Mart\u00ednez Lagunas<\/td>\n<td width=\"124\">M\u00fagica<\/td>\n<\/tr>\n<tr>\n<td width=\"314\">Luisa Mar\u00eda Estrada G\u00f3mez<\/td>\n<td width=\"124\">Ocampo<\/td>\n<\/tr>\n<tr>\n<td width=\"314\">Tzitzi Janik P\u00e9rez Villegas<\/td>\n<td width=\"124\">Morelia<\/td>\n<\/tr>\n<tr>\n<td width=\"314\">Rosa Maga\u00f1a Cerda<\/td>\n<td width=\"124\">Tlazazalca<\/td>\n<\/tr>\n<tr>\n<td width=\"314\">Tania Cristina Ayala Zamudio<\/td>\n<td width=\"124\">Morelia<\/td>\n<\/tr>\n<tr>\n<td width=\"314\">Cristina Cortez Calder\u00f3n<\/td>\n<td width=\"124\">Santa Ana Maya<\/td>\n<\/tr>\n<tr>\n<td width=\"314\">Paulina Ornelas Farf\u00e1n<\/td>\n<td width=\"124\">Salvador Escalante<\/td>\n<\/tr>\n<\/tbody>\n<\/table>\n<p><b><i>\u00a0<\/i><\/b><\/p>\n","protected":false},"excerpt":{"rendered":"<p>Despu\u00e9s de pasar cada una de las etapas de la Convocatoria \u201cT\u00fa puedes ser la Reina de la Feria\u201d, son 12 las j\u00f3venes michoacanas finalistas dignas representantes de nuestro estado, de las cuales una ser\u00e1 electa como Reina de la Expo Feria 2014, <\/p>\n","protected":false},"author":1,"featured_media":0,"comment_status":"open","ping_status":"open","sticky":false,"template":"","format":"standard","meta":{"footnotes":""},"categories":[14,3],"tags":[],"class_list":["post-6385","post","type-post","status-publish","format-standard","hentry","category-destacadas","category-gobierno-del-estado-de-michoacan"],"_links":{"self":[{"href":"https:\/\/radiowebmx.com\/nota\/wp-json\/wp\/v2\/posts\/6385","targetHints":{"allow":["GET"]}}],"collection":[{"href":"https:\/\/radiowebmx.com\/nota\/wp-json\/wp\/v2\/posts"}],"about":[{"href":"https:\/\/radiowebmx.com\/nota\/wp-json\/wp\/v2\/types\/post"}],"author":[{"embeddable":true,"href":"https:\/\/radiowebmx.com\/nota\/wp-json\/wp\/v2\/users\/1"}],"replies":[{"embeddable":true,"href":"https:\/\/radiowebmx.com\/nota\/wp-json\/wp\/v2\/comments?post=6385"}],"version-history":[{"count":1,"href":"https:\/\/radiowebmx.com\/nota\/wp-json\/wp\/v2\/posts\/6385\/revisions"}],"predecessor-version":[{"id":6387,"href":"https:\/\/radiowebmx.com\/nota\/wp-json\/wp\/v2\/posts\/6385\/revisions\/6387"}],"wp:attachment":[{"href":"https:\/\/radiowebmx.com\/nota\/wp-json\/wp\/v2\/media?parent=6385"}],"wp:term":[{"taxonomy":"category","embeddable":true,"href":"https:\/\/radiowebmx.com\/nota\/wp-json\/wp\/v2\/categories?post=6385"},{"taxonomy":"post_tag","embeddable":true,"href":"https:\/\/radiowebmx.com\/nota\/wp-json\/wp\/v2\/tags?post=6385"}],"curies":[{"name":"wp","href":"https:\/\/api.w.org\/{rel}","templated":true}]}}