{"id":6368,"date":"2014-03-31T13:54:50","date_gmt":"2014-03-31T19:54:50","guid":{"rendered":"https:\/\/radiowebmx.com\/nota\/?p=6368"},"modified":"2014-03-31T13:54:50","modified_gmt":"2014-03-31T19:54:50","slug":"detiene-pgje-a-probable-responsable-de-violacion","status":"publish","type":"post","link":"https:\/\/radiowebmx.com\/nota\/detiene-pgje-a-probable-responsable-de-violacion\/","title":{"rendered":"Detiene PGJE a probable responsable de violaci\u00f3n"},"content":{"rendered":"<p>Investigaciones realizadas por personal de la Procuradur\u00eda General de Justicia permitieron la detenci\u00f3n una persona, probable responsable del delito de violaci\u00f3n cometido en agravio de dos menores de edad.<\/p>\n<p>&nbsp;<\/p>\n<p>Se trata de Jos\u00e9 Javier U., de 74 a\u00f1os de edad, quien est\u00e1 relacionado en la\u00a0 averiguaci\u00f3n previa penal n\u00famero 139\/2014, por el delito de violaci\u00f3n cometido en agravio de dos menores de 12 y 17 a\u00f1os de edad.<\/p>\n<p>&nbsp;<\/p>\n<p>De acuerdo a las investigaciones ministeriales, el inculpado de ocupaci\u00f3n m\u00fasico, desde hace un a\u00f1o venia consumiendo sus bajezas\u00a0 con una de sus dos v\u00edctimas, a quienes tenia amenazadas de muerte si no aceptaban sus peticiones o lo denunciaran.<\/p>\n<p>&nbsp;<\/p>\n<p>En virtud de que el ahora detenido viv\u00eda con las ofendidas,\u00a0aprovechaba cuando las menores se quedaban solas para abusar de ellas.<\/p>\n<p>&nbsp;<\/p>\n<p>Fue el pasado viernes cuando las agraviadas decidieron platicar de lo sucedido a sus familiares, quienes acudieron ante las autoridades de las PGJE a denunciar los hechos.<\/p>\n<p>&nbsp;<\/p>\n<p>Por lo anterior y dado la urgencia del caso, en base a una orden de localizaci\u00f3n, la tarde de ayer \u00a0personal de la Polic\u00eda Ministerial llev\u00f3 a cabo la detenci\u00f3n del inculpado, quien fue puesto a disposici\u00f3n del agente del Ministerio P\u00fablico, mismo que en las pr\u00f3ximas horas ejercitar\u00e1 la acci\u00f3n penal en su contra y lo consignar\u00e1 ante el \u00f3rgano jurisdiccional correspondiente.<\/p>\n","protected":false},"excerpt":{"rendered":"<p>Investigaciones realizadas por personal de la Procuradur\u00eda General de Justicia permitieron la detenci\u00f3n una persona, probable responsable del delito de violaci\u00f3n cometido en agravio de dos menores de edad.<\/p>\n","protected":false},"author":1,"featured_media":0,"comment_status":"open","ping_status":"open","sticky":false,"template":"","format":"standard","meta":{"footnotes":""},"categories":[14,3],"tags":[],"class_list":["post-6368","post","type-post","status-publish","format-standard","hentry","category-destacadas","category-gobierno-del-estado-de-michoacan"],"_links":{"self":[{"href":"https:\/\/radiowebmx.com\/nota\/wp-json\/wp\/v2\/posts\/6368","targetHints":{"allow":["GET"]}}],"collection":[{"href":"https:\/\/radiowebmx.com\/nota\/wp-json\/wp\/v2\/posts"}],"about":[{"href":"https:\/\/radiowebmx.com\/nota\/wp-json\/wp\/v2\/types\/post"}],"author":[{"embeddable":true,"href":"https:\/\/radiowebmx.com\/nota\/wp-json\/wp\/v2\/users\/1"}],"replies":[{"embeddable":true,"href":"https:\/\/radiowebmx.com\/nota\/wp-json\/wp\/v2\/comments?post=6368"}],"version-history":[{"count":1,"href":"https:\/\/radiowebmx.com\/nota\/wp-json\/wp\/v2\/posts\/6368\/revisions"}],"predecessor-version":[{"id":6369,"href":"https:\/\/radiowebmx.com\/nota\/wp-json\/wp\/v2\/posts\/6368\/revisions\/6369"}],"wp:attachment":[{"href":"https:\/\/radiowebmx.com\/nota\/wp-json\/wp\/v2\/media?parent=6368"}],"wp:term":[{"taxonomy":"category","embeddable":true,"href":"https:\/\/radiowebmx.com\/nota\/wp-json\/wp\/v2\/categories?post=6368"},{"taxonomy":"post_tag","embeddable":true,"href":"https:\/\/radiowebmx.com\/nota\/wp-json\/wp\/v2\/tags?post=6368"}],"curies":[{"name":"wp","href":"https:\/\/api.w.org\/{rel}","templated":true}]}}