{"id":6354,"date":"2014-03-31T12:39:16","date_gmt":"2014-03-31T18:39:16","guid":{"rendered":"https:\/\/radiowebmx.com\/nota\/?p=6354"},"modified":"2014-03-31T12:39:16","modified_gmt":"2014-03-31T18:39:16","slug":"aprueba-por-unanimidad-cabildo-cuenta-publica-y-pai-2013","status":"publish","type":"post","link":"https:\/\/radiowebmx.com\/nota\/aprueba-por-unanimidad-cabildo-cuenta-publica-y-pai-2013\/","title":{"rendered":"APRUEBA POR UNANIMIDAD CABILDO CUENTA P\u00daBLICA Y PAI 2013."},"content":{"rendered":"<div>\n<div id=\"c_base\">\n<div id=\"c_content\">\n<div id=\"pageContent\">\n<div id=\"pageInbox\">\n<div id=\"inboxControl0f\">\n<div>\n<div data-link=\"class{:~tag.contentRightClass(Layout.IsFullView, Layout.ReadingPaneMode)}\">\n<div>\n<div id=\"inboxControl0fv-ReadMessageContainer\" tabindex=\"-1\">\n<div data-link=\"class{readMessageClass: ~tag.Show}\">\n<div>\n<div id=\"readMessagePartControl1540f\" data-link=\"class{:~tag.getHeaderCssClass(IsConversationPart, IsRead, IsDraft, IsTrustedSender, Items.length)}\">\n<div data-link=\"class{getClass:IsBodyExpanded}\">\n<div>\n<div id=\"bodyreadMessagePartBodyControl1545f\" data-link=\"class{:~tag.cssClasses(PlainText, IsContentFiltered)}\">\n<div dir=\"ltr\">\n<p><a href=\"https:\/\/radiowebmx.com\/nota\/wp-content\/uploads\/2014\/03\/DSC_8747.jpg\"><img loading=\"lazy\" decoding=\"async\" class=\"alignleft size-full wp-image-6355\" alt=\"DSC_8747\" src=\"https:\/\/radiowebmx.com\/nota\/wp-content\/uploads\/2014\/03\/DSC_8747.jpg\" width=\"591\" height=\"301\" \/><\/a>En una clara muestra de trabajo en equipo, de una Suma de Voluntades a favor del bienestar de los morelianos, este lunes, el Cabildo de Morelia aprob\u00f3 por unanimidad, el Programa Anual de Inversi\u00f3n correspondiente al ejercicio fiscal del 2013; asimismo sin observaciones, el m\u00e1ximo cuerpo colegiado del municipio aval\u00f3 la Cuenta P\u00fablica referente al ejercicio fiscal 2013.<\/p>\n<p>&nbsp;<\/p>\n<p>Alejandro Villafuerte Arreola, regidor de Morelia, y el sindic\u00f3 municipal, Salvador Abud Mirabent resaltaron el trabajo en unidad que mostraron los integrantes de\u00a0 las comisiones de Hacienda, Financiamiento y Patrimonio, as\u00ed como Planeaci\u00f3n, Programa y Desarrollo, de Desarrollo Urbano y Obras P\u00fablicas, para avalar el trabajo desempe\u00f1ado por la actual administraci\u00f3n al frente de Wilfrido L\u00e1zaro Medina.<\/p>\n<p>&nbsp;<\/p>\n<p>De acuerdo al dictamen aprobado\u00a0 relativo a la Cuenta P\u00fablica correspondiente al Ejercicio Fiscal 2013, se aprob\u00f3 la reducci\u00f3n liquida a los presupuestos de Ingresos y Egresos por un monto de 11 millones 187 mil 479 pesos, con lo cual el techo financiero al cierre del a\u00f1o en menci\u00f3n se fija de 2 mil 42 millones 935 mil 157 pesos.<\/p>\n<p>&nbsp;<\/p>\n<p>Asimismo se aval\u00f3\u00a0 el cierre del Programa Anual de Inversi\u00f3n 2013, que incorpora la reducci\u00f3n liquida de 41 millones 579 mil 136 pesos, con lo cual el techo presupuestario al cierre del ejercicio se fij\u00f3 en 657 millones 323 mil 74 pesos.<\/p>\n<p>&nbsp;<\/p>\n<p>Mientras tanto el acuerdo aprobado referente al Programa Anual de Inversi\u00f3n correspondiente al 2013,\u00a0 incorpora una reducci\u00f3n l\u00edquida de 41 millones 579 mil 136 pesos, derivado de movimientos de ampliaciones, reducciones y compensaciones, con lo cual el techo presupuestario al cierre del a\u00f1o anterior se fij\u00f3 en 657 millones 323 mil 74 pesos, que dieron cobertura presupuestal a 626 obras y acciones.<\/p>\n<p>&nbsp;<\/p>\n<p>Con un presupuesto ejercido de 515 millones 946 mil 213 pesos y un refrendo de 116 obras por un monto de 141 millones 376 mil 861 pesos.<\/p>\n<p>&nbsp;<\/p>\n<p>El presidente municipal de Morelia, Wilfrido L\u00e1zaro Medina,\u00a0 reconoci\u00f3 la disposici\u00f3n que desde el inicio de la presenta administraci\u00f3n ha mostrado el Cabildo y sobre todo apertura y Suma de Voluntades para gestionar mayores recursos econ\u00f3micos del estado y la federaci\u00f3n, donde en las situaciones que no se logren, han sido flexibles para hacer adecuaciones presupuestales, siempre anteponiendo beneficios para la ciudadan\u00eda.<\/p>\n<\/div>\n<\/div>\n<\/div>\n<\/div>\n<\/div>\n<\/div>\n<\/div>\n<\/div>\n<\/div>\n<\/div>\n<\/div>\n<\/div>\n<\/div>\n<\/div>\n<\/div>\n<\/div>\n<\/div>\n","protected":false},"excerpt":{"rendered":"<p>En una clara muestra de trabajo en equipo, de una Suma de Voluntades a favor del bienestar de los morelianos, este lunes, el Cabildo de Morelia aprob\u00f3 por unanimidad, el Programa Anual de Inversi\u00f3n correspondiente al ejercicio fiscal del 2013; asimismo sin observaciones, el m\u00e1ximo cuerpo colegiado del municipio aval\u00f3 la Cuenta P\u00fablica referente al [&hellip;]<\/p>\n","protected":false},"author":1,"featured_media":0,"comment_status":"open","ping_status":"open","sticky":false,"template":"","format":"standard","meta":{"footnotes":""},"categories":[14,9],"tags":[],"class_list":["post-6354","post","type-post","status-publish","format-standard","hentry","category-destacadas","category-morelia"],"_links":{"self":[{"href":"https:\/\/radiowebmx.com\/nota\/wp-json\/wp\/v2\/posts\/6354","targetHints":{"allow":["GET"]}}],"collection":[{"href":"https:\/\/radiowebmx.com\/nota\/wp-json\/wp\/v2\/posts"}],"about":[{"href":"https:\/\/radiowebmx.com\/nota\/wp-json\/wp\/v2\/types\/post"}],"author":[{"embeddable":true,"href":"https:\/\/radiowebmx.com\/nota\/wp-json\/wp\/v2\/users\/1"}],"replies":[{"embeddable":true,"href":"https:\/\/radiowebmx.com\/nota\/wp-json\/wp\/v2\/comments?post=6354"}],"version-history":[{"count":1,"href":"https:\/\/radiowebmx.com\/nota\/wp-json\/wp\/v2\/posts\/6354\/revisions"}],"predecessor-version":[{"id":6356,"href":"https:\/\/radiowebmx.com\/nota\/wp-json\/wp\/v2\/posts\/6354\/revisions\/6356"}],"wp:attachment":[{"href":"https:\/\/radiowebmx.com\/nota\/wp-json\/wp\/v2\/media?parent=6354"}],"wp:term":[{"taxonomy":"category","embeddable":true,"href":"https:\/\/radiowebmx.com\/nota\/wp-json\/wp\/v2\/categories?post=6354"},{"taxonomy":"post_tag","embeddable":true,"href":"https:\/\/radiowebmx.com\/nota\/wp-json\/wp\/v2\/tags?post=6354"}],"curies":[{"name":"wp","href":"https:\/\/api.w.org\/{rel}","templated":true}]}}