{"id":6346,"date":"2014-03-05T14:00:06","date_gmt":"2014-03-05T20:00:06","guid":{"rendered":"https:\/\/radiowebmx.com\/nota\/?p=6346"},"modified":"2014-03-28T14:00:44","modified_gmt":"2014-03-28T20:00:44","slug":"programa-ponte-al-100-en-unidades-deportivas-del-ayuntamiento","status":"publish","type":"post","link":"https:\/\/radiowebmx.com\/nota\/programa-ponte-al-100-en-unidades-deportivas-del-ayuntamiento\/","title":{"rendered":"PROGRAMA \u201cPONTE AL 100\u201d EN UNIDADES DEPORTIVAS DEL AYUNTAMIENTO"},"content":{"rendered":"<p>Con la idea de hacer crecer el Programa Federal \u201cPonte al 100\u201d, que impulsa el Presidente Wilfrido L\u00e1zaro Medina en Morelia; las principales unidades deportivas administradas por el Ayuntamiento contar\u00e1n con un centro de medici\u00f3n, seg\u00fan lo revel\u00f3 Jos\u00e9 Alberto Ch\u00e1vez Mendoza, Subdirector General de Cultura F\u00edsica, de la Comisi\u00f3n Nacional de Cultura F\u00edsica y Deporte (CONADE).<\/p>\n<p>&nbsp;<\/p>\n<p>El funcionario federal que ser\u00e1 a trav\u00e9s del Instituto Municipal de Cultura F\u00edsica y Deporte (IMDE), como se estar\u00e1n operando estos centros de medici\u00f3n para la \u00a0comodidad de los usuarios.<\/p>\n<p>&nbsp;<\/p>\n<p>Durante la gesti\u00f3n del edil moreliano, cada vez es m\u00e1s frecuente \u00a0involucrar al deporte como un m\u00e9todo positivo de impacto social;\u00a0 por ello el IMDE, con la convicci\u00f3n de hacer un Morelia Saludable, y con una Suma de Voluntades con la CONADE, aplicar\u00e1 este programa en distintos puntos de la ciudad, como escuelas de todos los niveles, adem\u00e1s de que contar\u00e1 con centros de medici\u00f3n en sus principales y m\u00e1s concurridas unidades deportivas.<\/p>\n<p>&nbsp;<\/p>\n<p>Jos\u00e9 Alberto Ch\u00e1vez Mendoza, Subdirector General de Cultura F\u00edsica de la CONADE, expres\u00f3 que se esperan cosas importantes de la ciudad y sobretodo de la ciudadan\u00eda.<\/p>\n<p>&nbsp;<\/p>\n<p>\u201cSe calculan 715 personas por centro y con la intenci\u00f3n de llegar a mil por centro o unidad deportiva. En la ciudad de Morelia hay 6 centros de medici\u00f3n que son la Unidad Bicentenario, Miguel Hidalgo, INDECO, uno port\u00e1til, el CDER y el centro de CECUFID\u201d. Resalt\u00f3 que el programa est\u00e1 bajo constante evaluaci\u00f3n para asegurar su correcta aplicaci\u00f3n.<\/p>\n<p>&nbsp;<\/p>\n<p>\u201cSe van a hacer 4 evaluaciones al a\u00f1o, una cada trimestre para ver c\u00f3mo se va manejando este programa. La difusi\u00f3n, en este a\u00f1o pretendemos incrementar el n\u00famero de centros y mantener los que ya tenemos, con la intenci\u00f3n de tener un mayor impacto\u201d, finaliz\u00f3.<\/p>\n<p>&nbsp;<\/p>\n<p>Todo lo anterior tuvo como marco, la implementaci\u00f3n de \u201cPonte al 100\u201d, en la Preparatoria Federal por Cooperaci\u00f3n (PREFECO) \u201cMelchor Ocampo\u201d, donde los alumnos del plantel se pusieron a prueba en las 12 distintas etapas que lo conforman, con la intenci\u00f3n de medir todas sus capacidades f\u00edsicas, adem\u00e1s de hacer mediciones en peso y altura entre otras cosas.<\/p>\n<p>&nbsp;<\/p>\n<p>Destaca que en 2 d\u00edas de actividad, 300 alumnos de la mencionada instituci\u00f3n acad\u00e9mica, completaron la evaluaci\u00f3n y se espera que en el resto de la semana se cubra la matr\u00edcula de la escuela, la cual consta de 800 j\u00f3venes.<\/p>\n<p>&nbsp;<\/p>\n<p>Edmundo Soria Baltasar, Encargado de Educaci\u00f3n F\u00edsica de la PREFECO recalc\u00f3 lo importante de acercar estas actividades a los j\u00f3venes. \u201cLo importante es generar una disciplina en materia deportiva y as\u00ed se tome al deporte como prevenci\u00f3n de salud y no como una cura a la obesidad\u201d sentenci\u00f3.<\/p>\n<p>&nbsp;<\/p>\n<p>Brenda Baeza Rodr\u00edguez, estudiante de 4to. Semestre de la preparatoria, se dijo ampliamente satisfecha por terminar todo el programa, adem\u00e1s de tomarlo como un indicativo y mejorar ciertos aspectos de su vida. \u201cMe parece bien porque as\u00ed te das cuenta de cu\u00e1nto mides o pesas, que es algo que yo no sab\u00eda y aparte como hacer ejercicio y como tener una vida m\u00e1s saludable\u201d asegur\u00f3.<\/p>\n<p>&nbsp;<\/p>\n<p>En el estado, se proyecta tener alrededor de 80 centros de medici\u00f3n, para as\u00ed atender a toda la poblaci\u00f3n y se tenga el alcance suficiente para tener resultados positivos y los h\u00e1bitos en cuanto a la alimentaci\u00f3n y el deporte se modifiquen de una manera favorable por un mayor n\u00famero de personas.<\/p>\n","protected":false},"excerpt":{"rendered":"<p>Con la idea de hacer crecer el Programa Federal \u201cPonte al 100\u201d, que impulsa el Presidente Wilfrido L\u00e1zaro Medina en Morelia; las principales unidades deportivas administradas por el Ayuntamiento contar\u00e1n con un centro de medici\u00f3n, seg\u00fan lo revel\u00f3 Jos\u00e9 Alberto Ch\u00e1vez Mendoza, <\/p>\n","protected":false},"author":1,"featured_media":0,"comment_status":"open","ping_status":"open","sticky":false,"template":"","format":"standard","meta":{"footnotes":""},"categories":[1],"tags":[],"class_list":["post-6346","post","type-post","status-publish","format-standard","hentry","category-sin-categoria"],"_links":{"self":[{"href":"https:\/\/radiowebmx.com\/nota\/wp-json\/wp\/v2\/posts\/6346","targetHints":{"allow":["GET"]}}],"collection":[{"href":"https:\/\/radiowebmx.com\/nota\/wp-json\/wp\/v2\/posts"}],"about":[{"href":"https:\/\/radiowebmx.com\/nota\/wp-json\/wp\/v2\/types\/post"}],"author":[{"embeddable":true,"href":"https:\/\/radiowebmx.com\/nota\/wp-json\/wp\/v2\/users\/1"}],"replies":[{"embeddable":true,"href":"https:\/\/radiowebmx.com\/nota\/wp-json\/wp\/v2\/comments?post=6346"}],"version-history":[{"count":2,"href":"https:\/\/radiowebmx.com\/nota\/wp-json\/wp\/v2\/posts\/6346\/revisions"}],"predecessor-version":[{"id":6348,"href":"https:\/\/radiowebmx.com\/nota\/wp-json\/wp\/v2\/posts\/6346\/revisions\/6348"}],"wp:attachment":[{"href":"https:\/\/radiowebmx.com\/nota\/wp-json\/wp\/v2\/media?parent=6346"}],"wp:term":[{"taxonomy":"category","embeddable":true,"href":"https:\/\/radiowebmx.com\/nota\/wp-json\/wp\/v2\/categories?post=6346"},{"taxonomy":"post_tag","embeddable":true,"href":"https:\/\/radiowebmx.com\/nota\/wp-json\/wp\/v2\/tags?post=6346"}],"curies":[{"name":"wp","href":"https:\/\/api.w.org\/{rel}","templated":true}]}}