{"id":6331,"date":"2014-03-12T13:47:25","date_gmt":"2014-03-12T19:47:25","guid":{"rendered":"https:\/\/radiowebmx.com\/nota\/?p=6331"},"modified":"2014-03-28T13:47:55","modified_gmt":"2014-03-28T19:47:55","slug":"exhorta-la-coordinacion-del-centro-historico-de-morelia-al-retiro-de-los-comerciantes-ambulantes-del-planton","status":"publish","type":"post","link":"https:\/\/radiowebmx.com\/nota\/exhorta-la-coordinacion-del-centro-historico-de-morelia-al-retiro-de-los-comerciantes-ambulantes-del-planton\/","title":{"rendered":"EXHORTA LA COORDINACI\u00d3N DEL CENTRO HIST\u00d3RICO DE MORELIA AL RETIRO DE LOS COMERCIANTES AMBULANTES DEL PLANT\u00d3N"},"content":{"rendered":"<p>Ante las constantes quejas que la ciudadan\u00eda y el comercio establecido en el Centro Hist\u00f3rico ha lanzado contra el ambulantaje instalado en el plant\u00f3n de maestros de la Coordinadora Nacional de Trabajadores de la Educaci\u00f3n (CNTE) en la avenida Madero, la Coordinaci\u00f3n del Centro Hist\u00f3rico del Ayuntamiento de Morelia, por instrucci\u00f3n del Presidente Municipal Wilfrido L\u00e1zaro Medina, realiza recorridos permanentes para exhortar a los ambulantes a retirarse de la zona.<\/p>\n<p>&nbsp;<\/p>\n<p>Con el objetivo de evitar un conflicto mayor que resulte en reacciones violentas, la coordinaci\u00f3n dialoga con el comercio ilegal que es solapado por la CNTE y viola reglamentos comerciales locales y de cuidado y protecci\u00f3n del Patrimonio Cultural de la Humanidad.<\/p>\n<p>&nbsp;<\/p>\n<p>\u201cEstamos siendo respetuosos en ese aspecto, aunque lo que hacen est\u00e1 mal y saben que no deben estar ah\u00ed. Hay algunos que ya tenemos identificados, y en su momento tomaremos las acciones debidas, porque ya se les inform\u00f3 y avis\u00f3 de forma verbal que nos ayuden a mantener limpia la zona, pero han hecho caso omiso, entonces la Coordinaci\u00f3n tomar\u00e1 algunas determinaciones para quienes fomentan el comercio informal\u201d, asegur\u00f3 Miguel \u00c1ngel Prado Vera, titular de la Coordinaci\u00f3n del Centro Hist\u00f3rico.<\/p>\n<p>&nbsp;<\/p>\n<p>En consecuencia, afirm\u00f3 que no hay garant\u00edas de higiene ni de calidad de los productos que ofertan en la v\u00eda p\u00fablica, y subray\u00f3 que el contingente de vendedores ambulantes arrib\u00f3 junto a los agremiados de la Secci\u00f3n XVIII, quienes los resguardan, lo que adem\u00e1s de los conflictos de salud e imagen para el Centro Hist\u00f3rico, ocasiona p\u00e9rdidas econ\u00f3micas importantes a los establecimientos que operan regularmente en el coraz\u00f3n de la ciudad.<\/p>\n<p>&nbsp;<\/p>\n<p>El funcionario concluy\u00f3 que quienes incurren en tales pr\u00e1cticas no podr\u00e1n participar en las \u00a0fiestas toleradas, como las que se instalan alrededor de las parroquias durante Semana Santa.<\/p>\n<p>&nbsp;<\/p>\n<p>En tanto, la Direcci\u00f3n de Aseo de la Secretar\u00eda de Servicios P\u00fablicos, ha reforzado las labores de limpieza en el \u00e1rea.<\/p>\n","protected":false},"excerpt":{"rendered":"<p>Ante las constantes quejas que la ciudadan\u00eda y el comercio establecido en el Centro Hist\u00f3rico ha lanzado contra el ambulantaje instalado en el plant\u00f3n de maestros de la Coordinadora Nacional de Trabajadores de la Educaci\u00f3n (CNTE) en la avenida Madero<\/p>\n","protected":false},"author":1,"featured_media":0,"comment_status":"open","ping_status":"open","sticky":false,"template":"","format":"standard","meta":{"footnotes":""},"categories":[14,9],"tags":[],"class_list":["post-6331","post","type-post","status-publish","format-standard","hentry","category-destacadas","category-morelia"],"_links":{"self":[{"href":"https:\/\/radiowebmx.com\/nota\/wp-json\/wp\/v2\/posts\/6331","targetHints":{"allow":["GET"]}}],"collection":[{"href":"https:\/\/radiowebmx.com\/nota\/wp-json\/wp\/v2\/posts"}],"about":[{"href":"https:\/\/radiowebmx.com\/nota\/wp-json\/wp\/v2\/types\/post"}],"author":[{"embeddable":true,"href":"https:\/\/radiowebmx.com\/nota\/wp-json\/wp\/v2\/users\/1"}],"replies":[{"embeddable":true,"href":"https:\/\/radiowebmx.com\/nota\/wp-json\/wp\/v2\/comments?post=6331"}],"version-history":[{"count":2,"href":"https:\/\/radiowebmx.com\/nota\/wp-json\/wp\/v2\/posts\/6331\/revisions"}],"predecessor-version":[{"id":6333,"href":"https:\/\/radiowebmx.com\/nota\/wp-json\/wp\/v2\/posts\/6331\/revisions\/6333"}],"wp:attachment":[{"href":"https:\/\/radiowebmx.com\/nota\/wp-json\/wp\/v2\/media?parent=6331"}],"wp:term":[{"taxonomy":"category","embeddable":true,"href":"https:\/\/radiowebmx.com\/nota\/wp-json\/wp\/v2\/categories?post=6331"},{"taxonomy":"post_tag","embeddable":true,"href":"https:\/\/radiowebmx.com\/nota\/wp-json\/wp\/v2\/tags?post=6331"}],"curies":[{"name":"wp","href":"https:\/\/api.w.org\/{rel}","templated":true}]}}