{"id":633,"date":"2012-12-17T09:40:44","date_gmt":"2012-12-17T15:40:44","guid":{"rendered":"https:\/\/radiowebmx.com\/nota\/?p=633"},"modified":"2012-12-17T09:40:44","modified_gmt":"2012-12-17T15:40:44","slug":"estrenan-imagen-los-centros-de-comercializacion-y-abasto-popular-supercap","status":"publish","type":"post","link":"https:\/\/radiowebmx.com\/nota\/estrenan-imagen-los-centros-de-comercializacion-y-abasto-popular-supercap\/","title":{"rendered":"ESTRENAN IMAGEN LOS CENTROS DE COMERCIALIZACI\u00d3N Y ABASTO POPULAR SUPERCAP"},"content":{"rendered":"<p><img loading=\"lazy\" decoding=\"async\" class=\"alignnone\" src=\"http:\/\/img145.imageshack.us\/img145\/7587\/dsc3598.jpg\" alt=\"\" width=\"591\" height=\"279\" \/>La Secretar\u00eda de Desarrollo Econ\u00f3mico (Sedeco) trabaja por fomentar la venta y consumo de los productos michoacanos a bajo costo en favor de la econom\u00eda familiar, por ello los\u00a0 Centros de Comercializaci\u00f3n y Abasto Popular del estado (Supercaps) renovaron su imagen con la finalidad de que la poblaci\u00f3n los ubique y disfrute de sus beneficios, indic\u00f3 Ricardo Mart\u00ednez Su\u00e1rez, titular de la dependencia.<\/p>\n<p>&nbsp;<\/p>\n<p>Esta imagen modernizada permitir\u00e1 que los Supercaps sean distinguidos entre los tianguis y mercados, as\u00ed las familias podr\u00e1n asistir para disfrutar de hasta un 32 por ciento de\u00a0 ahorro en su gasto, debido a que cuentan con precios m\u00e1s bajos porque no existen intermediarios entre los productores y consumidores, adem\u00e1s de garantizar la calidad y frescura de los productos en venta, asever\u00f3 Mart\u00ednez Su\u00e1rez.<\/p>\n<p>&nbsp;<\/p>\n<p>El secretario de Desarrollo Econ\u00f3mico, recalc\u00f3 que a partir de la administraci\u00f3n que encabeza el gobernador Fausto Vallejo Figueroa se deton\u00f3 el programa de Lucha Contra la Carest\u00eda con la visi\u00f3n de aportar a la econom\u00eda familiar, adem\u00e1s de apoyar al desarrollo de los productores y peque\u00f1os empresarios.<\/p>\n<p>&nbsp;<\/p>\n<p>Afirm\u00f3 que actualmente 28 mil familias se benefician con este programa, por lo que el gobierno estatal a trav\u00e9s de estas acciones, refrenda su compromiso con la econom\u00eda de las familias michoacanas, productores y empresarios.<\/p>\n<p>&nbsp;<\/p>\n<p>Por su parte, Lourdes \u00c1valos Mendoza, directora de Comercio\u00a0 y Abasto Popular, asever\u00f3 existen seis centros de Comercializaci\u00f3n y Abasto popular, dos en zonas rurales ubicados en Tenencia Morelos y Santiago Undameo;\u00a0 cuatro m\u00e1s en zonas urbanas de la capital michoacana, ubicados en la periferia de la Secretar\u00eda de Educaci\u00f3n del Estado, estacionamiento de la antigua Feria, en Santa Mar\u00eda y Tin\u00edjaro.<\/p>\n<p>&nbsp;<\/p>\n<p>Inform\u00f3 tambi\u00e9n que se instalar\u00e1n m\u00f3dulos de atenci\u00f3n a clientes y b\u00e1sculas verificadoras para que los compradores tengan la seguridad de que sus kilos est\u00e1n completos.<\/p>\n<p>&nbsp;<\/p>\n<p>Destac\u00f3 que con este programa se brinda empleo directo a mil personas e indirecto a 4 mil, a trav\u00e9s de los mil 50 oferentes que participan, adem\u00e1s de brindar un espacio para que 110 productores ofrezcan su trabajo.<\/p>\n<p>&nbsp;<\/p>\n<p>\u00c1valos Mendoza, asever\u00f3 que en el 2011 se vendieron 25 mil toneladas, correspondiente a 337 millones 615 mil 475 pesos, mientras que en el 2012 la venta fue de 26 mil 700 toneladas con una recuperaci\u00f3n de 359 millones 460 mil 458 pesos.<\/p>\n<p>&nbsp;<\/p>\n<p>Es de destacar que en estos centros Supercap se podr\u00e1n encontrar productos de abarrotes, l\u00e1cteos, semillas, granos, verduras, frutas, carnes rojas y blancas, donde los precios se mantienen bajos.<\/p>\n<p>&nbsp;<\/p>\n<p>Durante la presentaci\u00f3n de esta nueva imagen fueron reconocidos por sus aportaciones a este proyecto Julio Hern\u00e1ndez Granados, coordinador de Comunicaci\u00f3n Social, Salvador Madrigal Moreno, director de Difusi\u00f3n de la Coordinaci\u00f3n de Comunicaci\u00f3n Social, entre otras personalidades.<\/p>\n<p>&nbsp;<\/p>\n<p>En el evento tambi\u00e9n fueron reconocidos Otilio Bernal Herrera, encargado del Supercap la antigua Feria; Adrian Villase\u00f1or Villase\u00f1or,\u00a0 del Supercap Tin\u00edjaro; Eupidio P\u00e9rez, del Supercap SEE; Jaime \u00c1vila Tapia, del Supercap Santa Mar\u00eda.<\/p>\n<p>&nbsp;<\/p>\n<p>Asistieron tambi\u00e9n, Germ\u00e1n Ireta Lino, director de S\u00ed Financia; Armando Palomino Dom\u00ednguez, en representaci\u00f3n de Julio Hern\u00e1ndez Granados, coordinador general de Comunicaci\u00f3n social; Luis D\u00edaz L\u00f3pez, en representaci\u00f3n de Ram\u00f3n Cano Vega, secretario de Desarrollo Rural; Sheila Monta\u00f1o Mendoza, directora de Desarrollo Econ\u00f3mico Social; Olivio L\u00f3pez M\u00fajica, diputado por el distrito 11; Leonel Alarc\u00f3n, en representaci\u00f3n de Jos\u00e9 Bert\u00edn Cornejo, director del Icatmi.<\/p>\n<p>&nbsp;<\/p>\n","protected":false},"excerpt":{"rendered":"<p>La Secretar\u00eda de Desarrollo Econ\u00f3mico (Sedeco) trabaja por fomentar la venta y consumo de los productos michoacanos a bajo costo en favor de la econom\u00eda familiar, por ello los  Centros de Comercializaci\u00f3n y Abasto Popular del estado (Supercaps) renovaron su imagen con la finalidad de que la poblaci\u00f3n los ubique y disfrute de sus beneficios, indic\u00f3 Ricardo Mart\u00ednez Su\u00e1rez, titular de la dependencia.<\/p>\n","protected":false},"author":1,"featured_media":0,"comment_status":"open","ping_status":"open","sticky":false,"template":"","format":"standard","meta":{"footnotes":""},"categories":[3],"tags":[],"class_list":["post-633","post","type-post","status-publish","format-standard","hentry","category-gobierno-del-estado-de-michoacan"],"_links":{"self":[{"href":"https:\/\/radiowebmx.com\/nota\/wp-json\/wp\/v2\/posts\/633","targetHints":{"allow":["GET"]}}],"collection":[{"href":"https:\/\/radiowebmx.com\/nota\/wp-json\/wp\/v2\/posts"}],"about":[{"href":"https:\/\/radiowebmx.com\/nota\/wp-json\/wp\/v2\/types\/post"}],"author":[{"embeddable":true,"href":"https:\/\/radiowebmx.com\/nota\/wp-json\/wp\/v2\/users\/1"}],"replies":[{"embeddable":true,"href":"https:\/\/radiowebmx.com\/nota\/wp-json\/wp\/v2\/comments?post=633"}],"version-history":[{"count":1,"href":"https:\/\/radiowebmx.com\/nota\/wp-json\/wp\/v2\/posts\/633\/revisions"}],"predecessor-version":[{"id":634,"href":"https:\/\/radiowebmx.com\/nota\/wp-json\/wp\/v2\/posts\/633\/revisions\/634"}],"wp:attachment":[{"href":"https:\/\/radiowebmx.com\/nota\/wp-json\/wp\/v2\/media?parent=633"}],"wp:term":[{"taxonomy":"category","embeddable":true,"href":"https:\/\/radiowebmx.com\/nota\/wp-json\/wp\/v2\/categories?post=633"},{"taxonomy":"post_tag","embeddable":true,"href":"https:\/\/radiowebmx.com\/nota\/wp-json\/wp\/v2\/tags?post=633"}],"curies":[{"name":"wp","href":"https:\/\/api.w.org\/{rel}","templated":true}]}}