{"id":6324,"date":"2014-03-13T13:45:08","date_gmt":"2014-03-13T19:45:08","guid":{"rendered":"https:\/\/radiowebmx.com\/nota\/?p=6324"},"modified":"2014-03-28T13:46:18","modified_gmt":"2014-03-28T19:46:18","slug":"impulsa-el-ayuntamiento-de-morelia-al-graffiti-como-arte-urbano-mediante-exposicion","status":"publish","type":"post","link":"https:\/\/radiowebmx.com\/nota\/impulsa-el-ayuntamiento-de-morelia-al-graffiti-como-arte-urbano-mediante-exposicion\/","title":{"rendered":"IMPULSA EL AYUNTAMIENTO DE MORELIA AL GRAFFITI COMO ARTE URBANO MEDIANTE EXPOSICI\u00d3N"},"content":{"rendered":"<div id=\"c_base\">\n<div id=\"c_content\">\n<div id=\"pageContent\">\n<div id=\"pageInbox\">\n<div id=\"inboxControl0f\">\n<div data-link=\"class{:~tag.contentRightClass(Layout.IsFullView, Layout.ReadingPaneMode)}\">\n<div>\n<div id=\"inboxControl0fv-ReadMessageContainer\" tabindex=\"-1\">\n<div data-link=\"class{readMessageClass: ~tag.Show}\">\n<div>\n<div id=\"readMessagePartControl3217f\" data-link=\"class{:~tag.getHeaderCssClass(IsConversationPart, IsRead, IsDraft, IsTrustedSender, Items.length)}\">\n<div data-link=\"class{getClass:IsBodyExpanded}\">\n<div>\n<div id=\"bodyreadMessagePartBodyControl3222f\" data-link=\"class{:~tag.cssClasses(PlainText, IsContentFiltered)}\">\n<div dir=\"ltr\">\n<p><a href=\"https:\/\/radiowebmx.com\/nota\/wp-content\/uploads\/2014\/03\/grafitti-3.jpg\"><img loading=\"lazy\" decoding=\"async\" class=\"alignleft size-full wp-image-6325\" alt=\"grafitti (3)\" src=\"https:\/\/radiowebmx.com\/nota\/wp-content\/uploads\/2014\/03\/grafitti-3.jpg\" width=\"591\" height=\"305\" \/><\/a>Con la finalidad de seguir impulsando las expresiones art\u00edsticas de los j\u00f3venes morelianos, el Ayuntamiento encabezado por Wilfrido L\u00e1zaro Medina, realizar\u00e1 la exposici\u00f3n Graffiti: Culturas Populares, en el Instituto de la Juventud Moreliana, dependencia que se ha preocupado por impulsar los tales y habilidades juveniles.<b><\/b><\/p>\n<p><b>\u00a0<\/b><\/p>\n<p>Esta exposici\u00f3n en la que se presentar\u00e1n 33 fotograf\u00edas de Margarita V\u00e1zquez D\u00edaz, ser\u00e1 inaugurada este viernes 14 de marzo a las ocho de la noche en el propio Instituto de la Juventud Moreliana, donde estar\u00e1 abierta al p\u00fablico durante un mes.<\/p>\n<p>&nbsp;<\/p>\n<p>\u201cEstamos trabajando para que los j\u00f3venes hagan del graffiti un arte y en ese sentido hemos trabajando ya durante varios a\u00f1os\u201c, explic\u00f3 Pablo C\u00e9sar S\u00e1nchez Silva, director del IJUM, quien invit\u00f3 a los j\u00f3venes interesados en el tema a visitar la exposici\u00f3n.<\/p>\n<p>&nbsp;<\/p>\n<p>Las fotograf\u00edas forman parte de un estudio realizado en el a\u00f1o 2002, donde se muestran las inquietudes de la juventud moreliana de aquella \u00e9poca y que ahora podr\u00e1n ser contrastados con im\u00e1genes capturadas por el fot\u00f3grafo Iv\u00e1n Mendoza, a partir del 2012, donde se puede advertir la evoluci\u00f3n que ha tenido el graffiti dejando de ser una expresi\u00f3n de vandalismo para convertirse en una expresi\u00f3n art\u00edstica.<\/p>\n<p>&nbsp;<\/p>\n<p>\u201cLanzamos un llamado a todos los j\u00f3venes que a lo mejor tengan la intenci\u00f3n o est\u00e9n interesados en pintar en alguna colonia o sumarse a expo graffitis que realizamos dentro del municipio de Morelia, para que se sumen a esta iniciativa\u201d, finaliz\u00f3 el directo del IJUM.<\/p>\n<\/div>\n<\/div>\n<\/div>\n<\/div>\n<\/div>\n<\/div>\n<\/div>\n<\/div>\n<\/div>\n<div><\/div>\n<\/div>\n<\/div>\n<\/div>\n<\/div>\n<\/div>\n<\/div>\n","protected":false},"excerpt":{"rendered":"<p>Con la finalidad de seguir impulsando las expresiones art\u00edsticas de los j\u00f3venes morelianos, el Ayuntamiento encabezado por Wilfrido L\u00e1zaro Medina, realizar\u00e1 la exposici\u00f3n Graffiti: <\/p>\n","protected":false},"author":1,"featured_media":0,"comment_status":"open","ping_status":"open","sticky":false,"template":"","format":"standard","meta":{"footnotes":""},"categories":[14,9],"tags":[],"class_list":["post-6324","post","type-post","status-publish","format-standard","hentry","category-destacadas","category-morelia"],"_links":{"self":[{"href":"https:\/\/radiowebmx.com\/nota\/wp-json\/wp\/v2\/posts\/6324","targetHints":{"allow":["GET"]}}],"collection":[{"href":"https:\/\/radiowebmx.com\/nota\/wp-json\/wp\/v2\/posts"}],"about":[{"href":"https:\/\/radiowebmx.com\/nota\/wp-json\/wp\/v2\/types\/post"}],"author":[{"embeddable":true,"href":"https:\/\/radiowebmx.com\/nota\/wp-json\/wp\/v2\/users\/1"}],"replies":[{"embeddable":true,"href":"https:\/\/radiowebmx.com\/nota\/wp-json\/wp\/v2\/comments?post=6324"}],"version-history":[{"count":3,"href":"https:\/\/radiowebmx.com\/nota\/wp-json\/wp\/v2\/posts\/6324\/revisions"}],"predecessor-version":[{"id":6329,"href":"https:\/\/radiowebmx.com\/nota\/wp-json\/wp\/v2\/posts\/6324\/revisions\/6329"}],"wp:attachment":[{"href":"https:\/\/radiowebmx.com\/nota\/wp-json\/wp\/v2\/media?parent=6324"}],"wp:term":[{"taxonomy":"category","embeddable":true,"href":"https:\/\/radiowebmx.com\/nota\/wp-json\/wp\/v2\/categories?post=6324"},{"taxonomy":"post_tag","embeddable":true,"href":"https:\/\/radiowebmx.com\/nota\/wp-json\/wp\/v2\/tags?post=6324"}],"curies":[{"name":"wp","href":"https:\/\/api.w.org\/{rel}","templated":true}]}}