{"id":6307,"date":"2014-03-28T13:18:19","date_gmt":"2014-03-28T19:18:19","guid":{"rendered":"https:\/\/radiowebmx.com\/nota\/?p=6307"},"modified":"2014-03-28T13:18:19","modified_gmt":"2014-03-28T19:18:19","slug":"ayuntamiento-de-morelia-y-de-ziracuaretiro-presentan-carrera-atletica","status":"publish","type":"post","link":"https:\/\/radiowebmx.com\/nota\/ayuntamiento-de-morelia-y-de-ziracuaretiro-presentan-carrera-atletica\/","title":{"rendered":"AYUNTAMIENTO DE MORELIA Y DE ZIRACUARETIRO PRESENTAN CARRERA ATL\u00c9TICA"},"content":{"rendered":"<p>El Ayuntamiento de Morelia que preside Wilfrido L\u00e1zaro Medina, a trav\u00e9s del Instituto Municipal de Cultura F\u00edsica y Deporte (IMDE), Suma Voluntades con el Gobierno de Ziracuaretiro con el objetivo de impulsar el serial deportivo \u201cAlejandro \u2018El Zurdo\u2019 Figueroa\u201d, que se realizar\u00e1 del 19 al 23 de marzo, en el marco de la feria de ese municipio.<\/p>\n<p>&nbsp;<\/p>\n<p>\u201cAgradecer al ayuntamiento de Morelia, a nuestro amigo el presidente municipal Wilfrido L\u00e1zaro Medina, al director del IMDE, Miguel \u00c1ngel Garc\u00eda, por darnos esta oportunidad para reunirnos aqu\u00ed e informarles sobre este importante evento que es la feria denominada tierra, cultura y tradici\u00f3n 2014\u201d, asegur\u00f3 Carlos Sandoval Portugal, presidente del municipio de Ziracuaretiro.<\/p>\n<p>&nbsp;<\/p>\n<p>Entre otras actividades, en el marco de esta feria se realizar\u00e1 la Tercera Edici\u00f3n de la Carrera Atl\u00e9tica de 5 y 10 Kil\u00f3metros, programada para el domingo 23 de marzo, a partir de las 09:00 horas, con salida y meta en la plaza principal de Ziracuaretiro.<\/p>\n<p>&nbsp;<\/p>\n<p>Esta competencia, que recibe por primera vez el aval de la Asociaci\u00f3n Michoacana de Atletismo, comprender\u00e1 las categor\u00edas Libre, Juvenil, M\u00e1ster y Veteranos, en ambas ramas, entre las cuales se repartir\u00e1 una bolsa de 30 mil pesos en efectivo para los ganadores, adem\u00e1s de 2 mil 500 pesos para el primer lugar absoluto de la carrera.<\/p>\n<p>&nbsp;<\/p>\n<p>De acuerdo a las expectativas de los organizadores, se espera la participaci\u00f3n de 300 corredores provenientes de Zacapu, Quiroga, Charapan, Uruapan, Paracho, Nahuatzen, Jacona, Chilchota, P\u00e1tzcuaro, Apatzing\u00e1n y de la capital michoacana, entre otros municipios.<\/p>\n<p>&nbsp;<\/p>\n<p>Asimismo, a las 17:00 horas del viernes 21 se ofrecer\u00e1 una funci\u00f3n de box de 13 peleas amateur, adem\u00e1s de un hexagonal de b\u00e1squetbol y un torneo de futbol con 10 equipos, a desarrollarse los d\u00edas 22 y 23 de marzo.<\/p>\n","protected":false},"excerpt":{"rendered":"<p>El Ayuntamiento de Morelia que preside Wilfrido L\u00e1zaro Medina, a trav\u00e9s del Instituto Municipal de Cultura F\u00edsica y Deporte (IMDE), Suma Voluntades con el Gobierno de Ziracuaretiro con el objetivo de impulsar el serial deportivo \u201cAlejandro \u2018El Zurdo\u2019 Figueroa\u201d, que se realizar\u00e1 del 19 al 23 de marzo, en el marco de la feria de ese municipio.<\/p>\n","protected":false},"author":1,"featured_media":0,"comment_status":"open","ping_status":"open","sticky":false,"template":"","format":"standard","meta":{"footnotes":""},"categories":[9],"tags":[],"class_list":["post-6307","post","type-post","status-publish","format-standard","hentry","category-morelia"],"_links":{"self":[{"href":"https:\/\/radiowebmx.com\/nota\/wp-json\/wp\/v2\/posts\/6307","targetHints":{"allow":["GET"]}}],"collection":[{"href":"https:\/\/radiowebmx.com\/nota\/wp-json\/wp\/v2\/posts"}],"about":[{"href":"https:\/\/radiowebmx.com\/nota\/wp-json\/wp\/v2\/types\/post"}],"author":[{"embeddable":true,"href":"https:\/\/radiowebmx.com\/nota\/wp-json\/wp\/v2\/users\/1"}],"replies":[{"embeddable":true,"href":"https:\/\/radiowebmx.com\/nota\/wp-json\/wp\/v2\/comments?post=6307"}],"version-history":[{"count":1,"href":"https:\/\/radiowebmx.com\/nota\/wp-json\/wp\/v2\/posts\/6307\/revisions"}],"predecessor-version":[{"id":6308,"href":"https:\/\/radiowebmx.com\/nota\/wp-json\/wp\/v2\/posts\/6307\/revisions\/6308"}],"wp:attachment":[{"href":"https:\/\/radiowebmx.com\/nota\/wp-json\/wp\/v2\/media?parent=6307"}],"wp:term":[{"taxonomy":"category","embeddable":true,"href":"https:\/\/radiowebmx.com\/nota\/wp-json\/wp\/v2\/categories?post=6307"},{"taxonomy":"post_tag","embeddable":true,"href":"https:\/\/radiowebmx.com\/nota\/wp-json\/wp\/v2\/tags?post=6307"}],"curies":[{"name":"wp","href":"https:\/\/api.w.org\/{rel}","templated":true}]}}