{"id":6301,"date":"2014-03-20T12:55:52","date_gmt":"2014-03-20T18:55:52","guid":{"rendered":"https:\/\/radiowebmx.com\/nota\/?p=6301"},"modified":"2014-03-28T13:00:33","modified_gmt":"2014-03-28T19:00:33","slug":"ayuntamiento-de-morelia-firma-convenio-de-colaboracion-con-la-fundacion-teleton","status":"publish","type":"post","link":"https:\/\/radiowebmx.com\/nota\/ayuntamiento-de-morelia-firma-convenio-de-colaboracion-con-la-fundacion-teleton\/","title":{"rendered":"AYUNTAMIENTO DE MORELIA FIRMA CONVENIO DE COLABORACI\u00d3N  CON LA FUNDACI\u00d3N TELET\u00d3N"},"content":{"rendered":"<p><span style=\"font-size: medium;\"><span style=\"color: #000000;\"><a href=\"https:\/\/radiowebmx.com\/nota\/wp-content\/uploads\/2014\/03\/teleton-8.jpg\"><img loading=\"lazy\" decoding=\"async\" class=\"alignleft size-full wp-image-6302\" alt=\"teleton (8)\" src=\"https:\/\/radiowebmx.com\/nota\/wp-content\/uploads\/2014\/03\/teleton-8.jpg\" width=\"591\" height=\"307\" \/><\/a>Con el objetivo de fortalecer el tejido social en el municipio de Morelia, el Ayuntamiento que preside Wilfrido L\u00e1zaro Medina firm\u00f3 un convenio de colaboraci\u00f3n con la Fundaci\u00f3n Telet\u00f3n A. C., para impulsar el programa \u201cCuenta Conmigo M\u00e9xico\u201d, que busca inculcar y replicar valores entre las familias de la capital michoacana.<\/span><\/span><\/p>\n<p><span style=\"color: #000000; font-size: medium;\">\u00a0<\/span><\/p>\n<p><span style=\"font-size: medium;\"><span style=\"color: #000000;\">\u201cPartamos de la escala humana, en este n\u00facleo de la sociedad, porque la sociedad empieza en la familia, en nuestra casa, es ese espacio de privilegio que todos tenemos. Si cada uno de nosotros hace lo que le toca, lo hace bien y un poquito m\u00e1s, pues entonces ese tejido social es fuerte, es consistente. M\u00e9xico podr\u00e1 contar con nosotros\u201d, afirm\u00f3 el edil moreliano durante el evento realizado en el Sal\u00f3n de Cabildo del Palacio Municipal.<\/span><\/span><\/p>\n<p><span style=\"color: #000000; font-size: medium;\">\u00a0<\/span><\/p>\n<p><span style=\"font-size: medium;\"><span style=\"color: #000000;\">La coordinadora de Participaci\u00f3n de la Divisi\u00f3n Occidente de la Fundaci\u00f3n Telet\u00f3n, Priscila Carcova Barraza, detall\u00f3 que 15 capacitadores de la asociaci\u00f3n civil se reunir\u00e1n una vez por mes con colaboradores del Comit\u00e9 para el Desarrollo Integral de la Familia Municipal (DIF), para reflexionar durante cada sesi\u00f3n sobre un valor distinto, mismo que replicar\u00e1n en diversas colonias y comunidades morelianas.<\/span><\/span><\/p>\n<p><span style=\"color: #000000; font-size: medium;\">\u00a0<\/span><\/p>\n<p><span style=\"font-size: medium;\"><span style=\"color: #000000;\">\u201cEstamos aqu\u00ed con la intenci\u00f3n de que M\u00e9xico sea un mejor pa\u00eds para todos. Necesitamos convencimiento, actitud positiva ante todo\u201d, subray\u00f3 Carcova Barraza.<\/span><\/span><\/p>\n<p><span style=\"color: #000000; font-size: medium;\">\u00a0<\/span><\/p>\n<p><span style=\"font-size: medium;\"><span style=\"color: #000000;\">Finalmente, la presidenta del DIF Morelia, Maggy Oribio de L\u00e1zaro, concluy\u00f3: \u201cTrabajo, compromiso, solidaridad, justicia, paz, prudencia, magnanimidad, bondad, esperanza, libertad, amor y autoestima ser\u00e1n temas que habremos llevar a los corazones de las familias de Morelia, valores que necesitamos inculcar y permear a nuestros hijos en casa, en familia\u201d.<\/span><\/span><\/p>\n<p><span style=\"color: #000000; font-size: medium;\">\u00a0<\/span><\/p>\n<p><span style=\"font-size: medium;\"><span style=\"color: #000000;\">En la firma participaron tambi\u00e9n el director del sistema DIF, Carlos Hern\u00e1ndez L\u00f3pez y el presidente de la Comisi\u00f3n de Educaci\u00f3n del Cabildo moreliano, Roberto Ayala Soto.<\/span><\/span><\/p>\n","protected":false},"excerpt":{"rendered":"<p>Con el objetivo de fortalecer el tejido social en el municipio de Morelia, el Ayuntamiento que preside Wilfrido L\u00e1zaro Medina firm\u00f3 un convenio de colaboraci\u00f3n con la Fundaci\u00f3n Telet\u00f3n A. C., para impulsar el programa \u201cCuenta Conmigo M\u00e9xico\u201d<\/p>\n","protected":false},"author":1,"featured_media":0,"comment_status":"open","ping_status":"open","sticky":false,"template":"","format":"standard","meta":{"footnotes":""},"categories":[14,9],"tags":[],"class_list":["post-6301","post","type-post","status-publish","format-standard","hentry","category-destacadas","category-morelia"],"_links":{"self":[{"href":"https:\/\/radiowebmx.com\/nota\/wp-json\/wp\/v2\/posts\/6301","targetHints":{"allow":["GET"]}}],"collection":[{"href":"https:\/\/radiowebmx.com\/nota\/wp-json\/wp\/v2\/posts"}],"about":[{"href":"https:\/\/radiowebmx.com\/nota\/wp-json\/wp\/v2\/types\/post"}],"author":[{"embeddable":true,"href":"https:\/\/radiowebmx.com\/nota\/wp-json\/wp\/v2\/users\/1"}],"replies":[{"embeddable":true,"href":"https:\/\/radiowebmx.com\/nota\/wp-json\/wp\/v2\/comments?post=6301"}],"version-history":[{"count":2,"href":"https:\/\/radiowebmx.com\/nota\/wp-json\/wp\/v2\/posts\/6301\/revisions"}],"predecessor-version":[{"id":6304,"href":"https:\/\/radiowebmx.com\/nota\/wp-json\/wp\/v2\/posts\/6301\/revisions\/6304"}],"wp:attachment":[{"href":"https:\/\/radiowebmx.com\/nota\/wp-json\/wp\/v2\/media?parent=6301"}],"wp:term":[{"taxonomy":"category","embeddable":true,"href":"https:\/\/radiowebmx.com\/nota\/wp-json\/wp\/v2\/categories?post=6301"},{"taxonomy":"post_tag","embeddable":true,"href":"https:\/\/radiowebmx.com\/nota\/wp-json\/wp\/v2\/tags?post=6301"}],"curies":[{"name":"wp","href":"https:\/\/api.w.org\/{rel}","templated":true}]}}