{"id":63,"date":"2012-10-12T14:06:14","date_gmt":"2012-10-12T19:06:14","guid":{"rendered":"https:\/\/radiowebmx.com\/nota\/?p=63"},"modified":"2012-11-05T14:07:44","modified_gmt":"2012-11-05T20:07:44","slug":"gobierno-de-michoacan-emplea-politica-educativa-para-generar-profesionales-de-calidad","status":"publish","type":"post","link":"https:\/\/radiowebmx.com\/nota\/gobierno-de-michoacan-emplea-politica-educativa-para-generar-profesionales-de-calidad\/","title":{"rendered":"GOBIERNO DE MICHOAC\u00c1N EMPLEA POL\u00cdTICA EDUCATIVA PARA GENERAR PROFESIONALES DE CALIDAD"},"content":{"rendered":"<p>La administraci\u00f3n que encabeza el gobernador Fausto Vallejo Figueroa emplea la pol\u00edtica educativa para generar profesionales de calidad en el \u00e1rea t\u00e9cnica y pr\u00e1ctica, de ah\u00ed la importancia de establecer acuerdos donde los prestadores del servicio social implementen sus conocimientos y juntos aportar al desarrollo de Michoac\u00e1n, as\u00ed lo se\u00f1al\u00f3 Amado Contreras Ram\u00edrez, \u00a0secretario de la Comisi\u00f3n Ejecutiva de Servicio Social de Pasantes de Gobierno del Estado.<\/p>\n<p>Durante la firma del convenio de colaboraci\u00f3n entre la Comisi\u00f3n Ejecutiva de Servicio Social de Pasantes y el Colegio de Educaci\u00f3n Profesional T\u00e9cnica del Estado de Michoac\u00e1n (Conalep), Amado Contreras destac\u00f3 que la finalidad de este acuerdo es abrir espacios para la prestaci\u00f3n del servicio social y contribuir a la formaci\u00f3n profesional de los prestadores de dicha instituci\u00f3n educativa.<\/p>\n<p>En el mismo sentido Contreras Ram\u00edrez mencion\u00f3 que la dependencia a su cargo recibir\u00e1 prestadores de servicio remitidos por el Conalep Michoac\u00e1n, para canalizarlos a instituciones gubernamentales acordes a su perfil acad\u00e9mico, en espacios adecuados que garanticen su seguridad y eficiencia, a fin de reforzar sus conocimientos y ponerlos en pr\u00e1ctica.<\/p>\n<p>Relacionado a esto, el funcionario resalt\u00f3 que se est\u00e1n implementando brigadas de supervisi\u00f3n en todo el estado donde 36 supervisores verifican que los prestadores de servicio est\u00e9n colocados en las \u00e1reas que realmente tengan que ver con su carrera y \u201cno los utilicen como <em>saca copias<\/em>\u201d.<\/p>\n<p>El secretario ejecutivo del Servicio Social de Pasantes, dijo que a ra\u00edz de la firma de convenios con todas las dependencias de gobierno e instituciones educativas durante los \u00faltimos dos meses, la matr\u00edcula de estudiantes que se encuentran dando su servicio es de aproximadamente 450 mil alumnos en todo el estado.<\/p>\n<p>En su intervenci\u00f3n, Jos\u00e9 Arturo Villase\u00f1or G\u00f3mez, director general del Colegio de Educaci\u00f3n Profesional T\u00e9cnica del Estado de Michoac\u00e1n, coment\u00f3 que a partir de la firma del convenio resultar\u00e1n beneficiados 3 mil 633 j\u00f3venes estudiantes de todo los planteles del estado y de las diferentes carreras que otorgan los Conalep, como lo son Contadur\u00eda, Hospitalidad Tur\u00edstica, Inform\u00e1tica, Enfermer\u00eda en general y Procesamiento industrial de alimentos, s\u00f3lo por mencionar algunos.<\/p>\n<p>De igual manera, se\u00f1al\u00f3 que se brindar\u00e1 a los alumnos la capacitaci\u00f3n necesaria para un mejor desempa\u00f1o en el desarrollo de sus actividades y seg\u00fan las posibilidades presupuestales de las dependencias donde presenten sus servicio social, se les brindar\u00e1 un apoyo para su trabajo.<\/p>\n<p>Al t\u00e9rmino de la prestaci\u00f3n del servicio, y una vez avalados con la documentaci\u00f3n requerida para tal fin, los alumnos del Conalep Michoac\u00e1n recibir\u00e1n una constancia de registro y acreditaci\u00f3n expedida por dicho sistema.<\/p>\n<p>&nbsp;<\/p>\n","protected":false},"excerpt":{"rendered":"<p>La administraci\u00f3n que encabeza el gobernador Fausto Vallejo Figueroa emplea la pol\u00edtica educativa para generar profesionales de calidad en el \u00e1rea t\u00e9cnica y pr\u00e1ctica, de ah\u00ed la importancia de establecer acuerdos donde los prestadores del servicio social implementen sus conocimientos y juntos aportar al desarrollo de Michoac\u00e1n, as\u00ed lo se\u00f1al\u00f3 Amado Contreras Ram\u00edrez, \u00a0secretario de [&hellip;]<\/p>\n","protected":false},"author":1,"featured_media":0,"comment_status":"open","ping_status":"open","sticky":false,"template":"","format":"standard","meta":{"footnotes":""},"categories":[3],"tags":[],"class_list":["post-63","post","type-post","status-publish","format-standard","hentry","category-gobierno-del-estado-de-michoacan"],"_links":{"self":[{"href":"https:\/\/radiowebmx.com\/nota\/wp-json\/wp\/v2\/posts\/63","targetHints":{"allow":["GET"]}}],"collection":[{"href":"https:\/\/radiowebmx.com\/nota\/wp-json\/wp\/v2\/posts"}],"about":[{"href":"https:\/\/radiowebmx.com\/nota\/wp-json\/wp\/v2\/types\/post"}],"author":[{"embeddable":true,"href":"https:\/\/radiowebmx.com\/nota\/wp-json\/wp\/v2\/users\/1"}],"replies":[{"embeddable":true,"href":"https:\/\/radiowebmx.com\/nota\/wp-json\/wp\/v2\/comments?post=63"}],"version-history":[{"count":4,"href":"https:\/\/radiowebmx.com\/nota\/wp-json\/wp\/v2\/posts\/63\/revisions"}],"predecessor-version":[{"id":66,"href":"https:\/\/radiowebmx.com\/nota\/wp-json\/wp\/v2\/posts\/63\/revisions\/66"}],"wp:attachment":[{"href":"https:\/\/radiowebmx.com\/nota\/wp-json\/wp\/v2\/media?parent=63"}],"wp:term":[{"taxonomy":"category","embeddable":true,"href":"https:\/\/radiowebmx.com\/nota\/wp-json\/wp\/v2\/categories?post=63"},{"taxonomy":"post_tag","embeddable":true,"href":"https:\/\/radiowebmx.com\/nota\/wp-json\/wp\/v2\/tags?post=63"}],"curies":[{"name":"wp","href":"https:\/\/api.w.org\/{rel}","templated":true}]}}