{"id":6297,"date":"2014-03-21T12:40:33","date_gmt":"2014-03-21T18:40:33","guid":{"rendered":"https:\/\/radiowebmx.com\/nota\/?p=6297"},"modified":"2014-03-28T12:46:25","modified_gmt":"2014-03-28T18:46:25","slug":"visitan-regidores-de-morelia-el-municipio-de-san-pedro-garza-garcia-en-nuevo-leon","status":"publish","type":"post","link":"https:\/\/radiowebmx.com\/nota\/visitan-regidores-de-morelia-el-municipio-de-san-pedro-garza-garcia-en-nuevo-leon\/","title":{"rendered":"VISITAN REGIDORES DE MORELIA EL MUNICIPIO  DE SAN PEDRO GARZA GARC\u00cdA EN NUEVO LE\u00d3N"},"content":{"rendered":"<div>\n<div id=\"c_base\">\n<div id=\"c_content\">\n<div id=\"pageContent\">\n<div id=\"pageInbox\">\n<div id=\"inboxControl0f\">\n<div>\n<div data-link=\"class{:~tag.contentRightClass(Layout.IsFullView, Layout.ReadingPaneMode)}\">\n<div>\n<div id=\"inboxControl0fv-ReadMessageContainer\" tabindex=\"-1\">\n<div data-link=\"class{readMessageClass: ~tag.Show}\">\n<div>\n<div id=\"readMessagePartControl1033f\" data-link=\"class{:~tag.getHeaderCssClass(IsConversationPart, IsRead, IsDraft, IsTrustedSender, Items.length)}\">\n<div data-link=\"class{getClass:IsBodyExpanded}\">\n<div>\n<div id=\"bodyreadMessagePartBodyControl1038f\" data-link=\"class{:~tag.cssClasses(PlainText, IsContentFiltered)}\">\n<div dir=\"ltr\">\n<p><a href=\"https:\/\/radiowebmx.com\/nota\/wp-content\/uploads\/2014\/03\/IMG-20140321-WA0007.jpg\"><img loading=\"lazy\" decoding=\"async\" class=\"alignleft size-full wp-image-6298\" alt=\"IMG-20140321-WA0007\" src=\"https:\/\/radiowebmx.com\/nota\/wp-content\/uploads\/2014\/03\/IMG-20140321-WA0007.jpg\" width=\"591\" height=\"351\" \/><\/a>En su visita al municipio de San Pedro Garza Garc\u00eda del estado de Nuevo Le\u00f3n, integrantes del Cabildo moreliano recorrieron las instalaciones de la empresa mexicana SEMEX, que cuenta con tecnolog\u00eda de punta y vanguardia en equipamiento urbano, la cual es proveedora de los 110 sem\u00e1foros inteligentes que operan en el municipio de Morelia.<\/p>\n<p>&nbsp;<\/p>\n<p>En esta visita, el S\u00edndico Salvador Abud Mirabent\u00a0 y los Regidores Marbella Romero N\u00fa\u00f1ez, Leticia Farf\u00e1n V\u00e1zquez, Patricia Medina Garibay, Cuautli Yered Guzm\u00e1n Espitia, Jorge Molina S\u00e1nchez y Fernando Contreras M\u00e9ndez, tuvieron la oportunidad de conocer como es la capacitaci\u00f3n y el mantenimiento que se dar\u00e1 a la red de sem\u00e1foros de la capital michoacana.<\/p>\n<p>&nbsp;<\/p>\n<p>Salvador Abud Mirabent afirm\u00f3 que existe la posibilidad de complementar el sistema de semaforizaci\u00f3n en Morelia para lograr el 100 por ciento de la efectividad y de las ventajas que este equipo de vanguardia puede lograr en Morelia.<\/p>\n<p>&nbsp;<\/p>\n<p>\u201cYa que contamos con un sistema a la altura de los mejores del mundo, vale la pena integrar al sistema de semaforizaci\u00f3n municipal los 39 aparatos que son operados por el gobierno del estado para lograr un efecto m\u00e1ximo de rapidez en los traslados de las vialidades de la ciudad\u201d, explic\u00f3 Abud Mirabent.<\/p>\n<p>&nbsp;<\/p>\n<p>Asegur\u00f3 que el recorrido realizado por las instalaciones de esta empresa de clase mundial, que atiende clientes de los cinco continentes, fue una experiencia sumamente enriquecedora.<\/p>\n<p>&nbsp;<\/p>\n<p>SEMEX desarrolla productos orientados al equipamiento urbano, a la se\u00f1alizaci\u00f3n, balizamiento y en particular a los sistemas de tr\u00e1nsito.<\/p>\n<p>&nbsp;<\/p>\n<p>\u201cDespu\u00e9s del recorrido, nos entrevistamos con el Presidente Municipal del municipio de San Pedro Garza Garc\u00eda, Hugo Ru\u00edz, quien nos comparti\u00f3 los casos de \u00e9xito en t\u00e9rminos de seguridad, participaci\u00f3n ciudadana, vialidad y de recaudaci\u00f3n, que ha tenido el municipio con mayor ingreso per capita del pa\u00eds\u201d a\u00f1adi\u00f3 Abud Mirabent.<\/p>\n<p>&nbsp;<\/p>\n<p><b>TESTIMONIOS<\/b><\/p>\n<p>&nbsp;<\/p>\n<p>Regidora Marbella Romero: \u201cEn la Suma de Voluntades nos hemos puesto a resolver en beneficio de la ciudadan\u00eda; nos presentaron el proyecto de c\u00f3mo se est\u00e1 trabajando en Morelia y como se puede hacer para trabajar coordinadamente para que en esta intenci\u00f3n todos los morelianos podamos contar con esta sistematizaci\u00f3n de los sem\u00e1foros\u201d.<\/p>\n<p>&nbsp;<\/p>\n<p>Leticia Farf\u00e1n V\u00e1zquez: \u201cConocimos a un presidente de un municipio muy prospero, y ratificamos que\u00a0 sin la coordinaci\u00f3n ni la participaci\u00f3n ciudadana no se puede hacer nada, todos comprometidos con el municipio\u201d.<\/p>\n<p>&nbsp;<\/p>\n<p>Fernando Contreras M\u00e9ndez: \u201ccon esta visita a la planta industrial que es proveedor del municipio, seguramente seguiremos requiriendo asesor\u00eda en el asunto de la semaforizaci\u00f3n, es un proveedor confiable que exporta a diferentes lugares del mundo\u201d.<\/p>\n<\/div>\n<\/div>\n<\/div>\n<\/div>\n<\/div>\n<\/div>\n<\/div>\n<\/div>\n<\/div>\n<\/div>\n<\/div>\n<\/div>\n<\/div>\n<\/div>\n<\/div>\n<\/div>\n<\/div>\n","protected":false},"excerpt":{"rendered":"<p>En su visita al municipio de San Pedro Garza Garc\u00eda del estado de Nuevo Le\u00f3n, integrantes del Cabildo moreliano recorrieron las instalaciones de la empresa mexicana SEMEX, que cuenta con tecnolog\u00eda de punta y vanguardia en equipamiento urbano, <\/p>\n","protected":false},"author":1,"featured_media":0,"comment_status":"open","ping_status":"open","sticky":false,"template":"","format":"standard","meta":{"footnotes":""},"categories":[14,9],"tags":[],"class_list":["post-6297","post","type-post","status-publish","format-standard","hentry","category-destacadas","category-morelia"],"_links":{"self":[{"href":"https:\/\/radiowebmx.com\/nota\/wp-json\/wp\/v2\/posts\/6297","targetHints":{"allow":["GET"]}}],"collection":[{"href":"https:\/\/radiowebmx.com\/nota\/wp-json\/wp\/v2\/posts"}],"about":[{"href":"https:\/\/radiowebmx.com\/nota\/wp-json\/wp\/v2\/types\/post"}],"author":[{"embeddable":true,"href":"https:\/\/radiowebmx.com\/nota\/wp-json\/wp\/v2\/users\/1"}],"replies":[{"embeddable":true,"href":"https:\/\/radiowebmx.com\/nota\/wp-json\/wp\/v2\/comments?post=6297"}],"version-history":[{"count":2,"href":"https:\/\/radiowebmx.com\/nota\/wp-json\/wp\/v2\/posts\/6297\/revisions"}],"predecessor-version":[{"id":6300,"href":"https:\/\/radiowebmx.com\/nota\/wp-json\/wp\/v2\/posts\/6297\/revisions\/6300"}],"wp:attachment":[{"href":"https:\/\/radiowebmx.com\/nota\/wp-json\/wp\/v2\/media?parent=6297"}],"wp:term":[{"taxonomy":"category","embeddable":true,"href":"https:\/\/radiowebmx.com\/nota\/wp-json\/wp\/v2\/categories?post=6297"},{"taxonomy":"post_tag","embeddable":true,"href":"https:\/\/radiowebmx.com\/nota\/wp-json\/wp\/v2\/tags?post=6297"}],"curies":[{"name":"wp","href":"https:\/\/api.w.org\/{rel}","templated":true}]}}