{"id":6276,"date":"2014-03-28T12:01:39","date_gmt":"2014-03-28T18:01:39","guid":{"rendered":"https:\/\/radiowebmx.com\/nota\/?p=6276"},"modified":"2014-03-28T12:01:39","modified_gmt":"2014-03-28T18:01:39","slug":"atiende-llamado-ciudadano-la-direccion-de-alumbrado-publico","status":"publish","type":"post","link":"https:\/\/radiowebmx.com\/nota\/atiende-llamado-ciudadano-la-direccion-de-alumbrado-publico\/","title":{"rendered":"ATIENDE LLAMADO CIUDADANO  LA DIRECCI\u00d3N DE ALUMBRADO P\u00daBLICO"},"content":{"rendered":"<p><a href=\"https:\/\/radiowebmx.com\/nota\/wp-content\/uploads\/2014\/03\/20140228_040119.jpg\"><img loading=\"lazy\" decoding=\"async\" class=\"alignleft size-full wp-image-6277\" alt=\"20140228_040119\" src=\"https:\/\/radiowebmx.com\/nota\/wp-content\/uploads\/2014\/03\/20140228_040119.jpg\" width=\"591\" height=\"331\" \/><\/a>Consientes de que la Iluminaci\u00f3n de la ciudad es uno de los servicios fundamentales que brindan seguridad y tranquilidad a los morelianos, personal del Ayuntamiento capitalino atendi\u00f3 un reporte\u00a0referente a la falta de alumbrado p\u00fablico en la Avenida Gertrudis S\u00e1nchez, con la sustituci\u00f3n del cableado subterr\u00e1neo por a\u00e9reo, acci\u00f3n enfocada al mejoramiento de la red de alumbrado, una de las principales demandas de la poblaci\u00f3n.<\/p>\n<div>\n<div id=\"c_base\">\n<div id=\"c_content\">\n<div id=\"pageContent\">\n<div id=\"pageInbox\">\n<div id=\"inboxControl0f\">\n<div data-link=\"class{:~tag.contentRightClass(Layout.IsFullView, Layout.ReadingPaneMode)}\">\n<div>\n<div id=\"inboxControl0fv-ReadMessageContainer\" tabindex=\"-1\">\n<div data-link=\"class{readMessageClass: ~tag.Show}\">\n<div id=\"readMessagePartControl993f\" data-link=\"class{:~tag.getHeaderCssClass(IsConversationPart, IsRead, IsDraft, IsTrustedSender, Items.length)}\">\n<div data-link=\"class{getClass:IsBodyExpanded}\">\n<div id=\"bodyreadMessagePartBodyControl998f\" data-link=\"class{:~tag.cssClasses(PlainText, IsContentFiltered)}\">\n<div dir=\"ltr\">\n<p>Con la ejecuci\u00f3n de esta obra, el Ayuntamiento que preside Wilfrido L\u00e1zaro Medina, a trav\u00e9s de la Direcci\u00f3n de Alumbrado P\u00fablico ratifica su compromiso con los morelianos de brindarles mayores garant\u00edas de seguridad y tr\u00e1nsito.<\/p>\n<p>El Secretario de Servicios P\u00fablicos del municipio, Iv\u00e1n Mois\u00e9s Rodr\u00edguez Medina inform\u00f3 que los trabajos de sustituci\u00f3n de cableado concluir\u00e1n el pr\u00f3ximo s\u00e1bado, sin embargo, personal de la dependencia municipal realiza rondines por esa zona de la ciudad para dar mantenimiento constante a la red que permitir\u00e1 tener una avenida mejor iluminada.<\/p>\n<p>El funcionario municipal, indic\u00f3 que la Direcci\u00f3n de Alumbrado P\u00fablico trabaja en los 5 sectores del municipio: Revoluci\u00f3n, Nueva Espa\u00f1a, Independencia, Rep\u00fablica y Centro Hist\u00f3rico, con el fin de atender de forma m\u00e1s \u00e1gil las fallas, para lo cual se han intensificado las labores de revisi\u00f3n de las l\u00e1mparas y se han colocado materiales como fotoceldas, reflectores, focos de vapor de sodio, cable, balastros, pastillas termomagn\u00e9ticas y postes met\u00e1licos, dependiendo de cada caso.<\/p>\n<p>Es importante recordar a la poblaci\u00f3n que en caso de que necesiten reportar una falla, deber\u00e1n proporcionar el n\u00famero de serie de la l\u00e1mpara afectada, el cual se encuentra visible en los postes verdes de metal o en la luminaria, adem\u00e1s de su ubicaci\u00f3n exacta con la calle de referencia y frente a qu\u00e9 domicilio se encuentra, al tel\u00e9fono 072 durante las 24 horas del d\u00eda o a las l\u00edneas 319 8582 y 319 1349.<\/p>\n<\/div>\n<\/div>\n<\/div>\n<\/div>\n<\/div>\n<\/div>\n<\/div>\n<div><\/div>\n<\/div>\n<div id=\"RightRailContainer\"><\/div>\n<div><\/div>\n<\/div>\n<\/div>\n<\/div>\n<\/div>\n<\/div>\n<div id=\"m_whm\"><\/div>\n<div id=\"m_mm\"><\/div>\n<\/div>\n<p><iframe loading=\"lazy\" id=\"trackingIframe\" src=\"https:\/\/skypewebexperience.live.com\/content\/3-14-1583\/tracking-iframe-outlook.html?sts=1396029251967&amp;sessionid=86be4a93-4582-488a-ee54-a71527a928cc&amp;hostproperty=outlook&amp;origin=https%3A%2F%2Fsnt148.mail.live.com&amp;dynamicConfig=%7B%22Data%22%3A%7B%22visitorSampling%22%3A0.001%7D%7D\" height=\"0\" width=\"0\"><\/iframe><iframe loading=\"lazy\" id=\"SWEiFrame\" src=\"https:\/\/skypewebexperience.live.com\/content\/3-14-1583\/swe-iframe.html?sts=1396029252025&amp;sessionid=86be4a93-4582-488a-ee54-a71527a928cc&amp;hostproperty=outlook&amp;origin=snt148.mail.live.com\" height=\"0\" width=\"0\"><\/iframe><\/p>\n","protected":false},"excerpt":{"rendered":"<p>Consientes de que la Iluminaci\u00f3n de la ciudad es uno de los servicios fundamentales que brindan seguridad y tranquilidad a los morelianos, personal del Ayuntamiento capitalino atendi\u00f3 un reporte referente a la falta de alumbrado p\u00fablico en la Avenida Gertrudis S\u00e1nchez, <\/p>\n","protected":false},"author":1,"featured_media":0,"comment_status":"open","ping_status":"open","sticky":false,"template":"","format":"standard","meta":{"footnotes":""},"categories":[14,9],"tags":[],"class_list":["post-6276","post","type-post","status-publish","format-standard","hentry","category-destacadas","category-morelia"],"_links":{"self":[{"href":"https:\/\/radiowebmx.com\/nota\/wp-json\/wp\/v2\/posts\/6276","targetHints":{"allow":["GET"]}}],"collection":[{"href":"https:\/\/radiowebmx.com\/nota\/wp-json\/wp\/v2\/posts"}],"about":[{"href":"https:\/\/radiowebmx.com\/nota\/wp-json\/wp\/v2\/types\/post"}],"author":[{"embeddable":true,"href":"https:\/\/radiowebmx.com\/nota\/wp-json\/wp\/v2\/users\/1"}],"replies":[{"embeddable":true,"href":"https:\/\/radiowebmx.com\/nota\/wp-json\/wp\/v2\/comments?post=6276"}],"version-history":[{"count":1,"href":"https:\/\/radiowebmx.com\/nota\/wp-json\/wp\/v2\/posts\/6276\/revisions"}],"predecessor-version":[{"id":6278,"href":"https:\/\/radiowebmx.com\/nota\/wp-json\/wp\/v2\/posts\/6276\/revisions\/6278"}],"wp:attachment":[{"href":"https:\/\/radiowebmx.com\/nota\/wp-json\/wp\/v2\/media?parent=6276"}],"wp:term":[{"taxonomy":"category","embeddable":true,"href":"https:\/\/radiowebmx.com\/nota\/wp-json\/wp\/v2\/categories?post=6276"},{"taxonomy":"post_tag","embeddable":true,"href":"https:\/\/radiowebmx.com\/nota\/wp-json\/wp\/v2\/tags?post=6276"}],"curies":[{"name":"wp","href":"https:\/\/api.w.org\/{rel}","templated":true}]}}