{"id":6258,"date":"2014-03-28T11:19:18","date_gmt":"2014-03-28T17:19:18","guid":{"rendered":"https:\/\/radiowebmx.com\/nota\/?p=6258"},"modified":"2014-03-28T11:19:18","modified_gmt":"2014-03-28T17:19:18","slug":"ninos-y-jovenes-participaran-en-expo-ideas-michoacan-2014","status":"publish","type":"post","link":"https:\/\/radiowebmx.com\/nota\/ninos-y-jovenes-participaran-en-expo-ideas-michoacan-2014\/","title":{"rendered":"NI\u00d1OS Y J\u00d3VENES PARTICIPAR\u00c1N EN  EXPO-IDEAS MICHOAC\u00c1N 2014"},"content":{"rendered":"<p>Con m\u00e1s de 100 proyectos de ciencia, tecnolog\u00eda, innovaci\u00f3n y experimentaci\u00f3n, el municipio de Uruapan ser\u00e1 sede de la feria de ciencias Expo-Ideas 2014, a realizarse del 10 al 12 de abril pr\u00f3ximos.<\/p>\n<p>Los organizadores esperan la presencia de aproximadamente cuatro mil asistentes, quienes podr\u00e1n ser acreditados para participar en otros eventos en el interior del pa\u00eds y del mundo, luego de aprobar varias fases de selecci\u00f3n.<\/p>\n<p>En conferencia de prensa, Adri\u00e1n Orozco quien asisti\u00f3 por parte del Consejo Estatal de Ciencia, Tecnolog\u00eda e Innovaci\u00f3n, (CECTI), asegur\u00f3 que la cultura cient\u00edfica no puede desligarse del concepto general de cultura, y que es necesario resaltar la relevancia de este tipo de eventos, dado el amplio inter\u00e9s ciudadano por los mismos, por lo que extendi\u00f3 \u00a0una felicitaci\u00f3n a todos los j\u00f3venes que han hecho posible que desde 2008, se realice este exitoso evento.<\/p>\n<p>Tambi\u00e9n, Adri\u00e1n Orozco, hizo una invitaci\u00f3n a ni\u00f1os y j\u00f3venes para que participen con proyectos en las \u00e1reas \u00a0de Ciencias agropecuarias y alimentos, Biolog\u00eda, Ciencias de la Ingenier\u00eda, Ciencias de los materiales, Computaci\u00f3n y software, Divulgaci\u00f3n de la ciencia, Exactas y naturales, Medio ambiente, Medicina y salud, Mecatr\u00f3nica, Sociales y Humanidades\u00a0 y Desarrollo Emprendedor.<\/p>\n<p>Asimismo, Julio C\u00e9sar Torres S\u00e1nchez, secretario acad\u00e9mico de Expo-Ideas, asegur\u00f3 que sin lugar a dudas espacios como esta feria de ciencias es donde se emprenden caminos en el rumbo de la investigaci\u00f3n y la innovaci\u00f3n, pero adem\u00e1s es donde se da impulso para aquellos estudiantes que a\u00fan no toman una determinaci\u00f3n sobre la elecci\u00f3n de su carrera.<\/p>\n<p>Por su parte, Mar\u00eda Auxilio Rosas Rodr\u00edguez, coordinadora de la carrera de Psicolog\u00eda de la Universidad La Salle, asegur\u00f3 que para que j\u00f3venes sigan emprendiendo actividades como las que hoy se difunden, es necesario que desde la ni\u00f1ez y juventud se den a conocer y les motiven a participar en encuentros entre iguales, que dan como resultado el desarrollo de nuevos talentos en cada una de las \u00e1reas de la ciencia y la tecnolog\u00eda.<\/p>\n<p>Los estudiantes de los diferentes niveles que participan, quedan con una amplia experiencia y adquieren conocimientos para la organizaci\u00f3n de proyectos de investigaci\u00f3n, adem\u00e1s de que comparten los trabajos con otros compa\u00f1eros que acuden al encuentro.<\/p>\n<p>Las categor\u00edas de participaci\u00f3n son Pandilla Cient\u00edfica Petit (estudiantes de Preescolar, primero y segundo de Primaria), Pandilla Cient\u00edfica Kids (estudiantes de tercero a sexto de Primaria), Pandilla Cient\u00edfica Juvenil (estudiantes de Secundaria), Media Superior (estudiantes de Preparatoria,\u00a0 Bachillerato o equivalente) y Superior (estudiantes de Universidad o equivalente).<\/p>\n<p>Los interesados tienen como fecha l\u00edmite para inscribirse hasta el pr\u00f3ximo 4 de abril a las 23:00 horas, a trav\u00e9s de la p\u00e1gina web: <a href=\"http:\/\/www.expoideasmichoacan.com\/\">www.expoideasmichoacan.com<\/a>, al enviar un resumen del proyecto con el formato indicado en dicha p\u00e1gina.<\/p>\n<p>Durante los d\u00edas del evento, del 10 al 12 de abril, presentar\u00e1n su proyecto en la sede, que ser\u00e1 la Escuela Federal N\u00famero 4 \u201cEmiliano Zapata\u201d de Uruapan. Para mayor informaci\u00f3n, pueden escribir a la direcci\u00f3n de correo electr\u00f3nico: <a href=\"mailto:2014@expoideasmichoacan.com\">2014@expoideasmichoacan.com<\/a><\/p>\n","protected":false},"excerpt":{"rendered":"<p>Con m\u00e1s de 100 proyectos de ciencia, tecnolog\u00eda, innovaci\u00f3n y experimentaci\u00f3n, el municipio de Uruapan ser\u00e1 sede de la feria de ciencias Expo-Ideas 2014, a realizarse del 10 al 12 de abril pr\u00f3ximos.<\/p>\n","protected":false},"author":1,"featured_media":0,"comment_status":"open","ping_status":"open","sticky":false,"template":"","format":"standard","meta":{"footnotes":""},"categories":[3],"tags":[],"class_list":["post-6258","post","type-post","status-publish","format-standard","hentry","category-gobierno-del-estado-de-michoacan"],"_links":{"self":[{"href":"https:\/\/radiowebmx.com\/nota\/wp-json\/wp\/v2\/posts\/6258","targetHints":{"allow":["GET"]}}],"collection":[{"href":"https:\/\/radiowebmx.com\/nota\/wp-json\/wp\/v2\/posts"}],"about":[{"href":"https:\/\/radiowebmx.com\/nota\/wp-json\/wp\/v2\/types\/post"}],"author":[{"embeddable":true,"href":"https:\/\/radiowebmx.com\/nota\/wp-json\/wp\/v2\/users\/1"}],"replies":[{"embeddable":true,"href":"https:\/\/radiowebmx.com\/nota\/wp-json\/wp\/v2\/comments?post=6258"}],"version-history":[{"count":2,"href":"https:\/\/radiowebmx.com\/nota\/wp-json\/wp\/v2\/posts\/6258\/revisions"}],"predecessor-version":[{"id":6260,"href":"https:\/\/radiowebmx.com\/nota\/wp-json\/wp\/v2\/posts\/6258\/revisions\/6260"}],"wp:attachment":[{"href":"https:\/\/radiowebmx.com\/nota\/wp-json\/wp\/v2\/media?parent=6258"}],"wp:term":[{"taxonomy":"category","embeddable":true,"href":"https:\/\/radiowebmx.com\/nota\/wp-json\/wp\/v2\/categories?post=6258"},{"taxonomy":"post_tag","embeddable":true,"href":"https:\/\/radiowebmx.com\/nota\/wp-json\/wp\/v2\/tags?post=6258"}],"curies":[{"name":"wp","href":"https:\/\/api.w.org\/{rel}","templated":true}]}}