{"id":62463,"date":"2019-03-28T11:09:18","date_gmt":"2019-03-28T17:09:18","guid":{"rendered":"https:\/\/radiowebmx.com\/nota\/?p=62463"},"modified":"2019-03-28T11:09:18","modified_gmt":"2019-03-28T17:09:18","slug":"construye-gp-de-morena-canales-de-comunicacion-en-torno-a-reforma-educativa","status":"publish","type":"post","link":"https:\/\/radiowebmx.com\/nota\/construye-gp-de-morena-canales-de-comunicacion-en-torno-a-reforma-educativa\/","title":{"rendered":"Construye GP de Morena canales de comunicaci\u00f3n en torno a Reforma Educativa"},"content":{"rendered":"<p>En atenci\u00f3n al conflicto magisterial que enfrenta Michoac\u00e1n y otras entidades en materia educativa, el coordinador del Grupo Parlamentario de Morena en Michoac\u00e1n, Ferm\u00edn Bernab\u00e9 Bahena, asisti\u00f3 a una reuni\u00f3n de trabajo ante autoridades de la Secretar\u00eda de Gobernaci\u00f3n para atender temas referentes a las reformas constitucionales de la nueva Ley de Educaci\u00f3n.<\/p>\n<p>Durante la reuni\u00f3n efectuada en la Ciudad de M\u00e9xico, el l\u00edder parlamentario de Morena en Michoac\u00e1n resalt\u00f3 la necesidad de establecer una Reforma Educativa, \u201c\u2026 integral, incluyente y acorde a las necesidades que enfrentan las y los trabajadores de este sector, sin dejar a un lado la importancia de establecer m\u00e1s y mejores plataformas de desarrollo para las y los estudiantes de nuestro pa\u00eds\u201d.<\/p>\n<p>Para ello, el tambi\u00e9n presidente de la Junta de Coordinaci\u00f3n Pol\u00edtica en la LXXIV Legislatura del Congreso de Michoac\u00e1n resalt\u00f3 la importancia de que se prioricen mecanismos que abonen al respeto de los derechos laborales de las y los trabajadores de la educaci\u00f3n, a fin de que el nuevo esquema educacional cumpla con las expectativas que reclama la sociedad mexicana.<\/p>\n<p>Acompa\u00f1ado de su compa\u00f1era de bancada, Mayela del Carmen Salas S\u00e1enz, as\u00ed como por legisladores provenientes de diversos estados de la Rep\u00fablica, el diputado local por el Distrito 10 hizo \u00e9nfasis en que, \u201c\u2026 en esta nueva Ley de Educaci\u00f3n se elimina la evaluaci\u00f3n docente, puesto que es un derecho la capacitaci\u00f3n no una obligaci\u00f3n; sin embargo, se protegen todos programas y formas de aprendizaje, incluyendo la innovaci\u00f3n tecnol\u00f3gica, cient\u00edfica y t\u00e9cnica\u201d.<\/p>\n<p>Un llamado a que los integrantes de la LXXIV Legislatura del Congreso local respondan a las nuevas disposiciones constitucionales que giran en torno a la nueva Ley Educativa, llam\u00f3 el l\u00edder parlamentario de Morena, para luego subrayar que los que comulgan con la Cuarta Transformaci\u00f3n en Michoac\u00e1n abogar\u00e1n por potenciar el esquema educativo que promovi\u00f3 el presidente Andr\u00e9s Manuel L\u00f3pez Obrador.<\/p>\n<p>El presidente de la Junta de Coordinaci\u00f3n Pol\u00edtica en el Congreso de Michoac\u00e1n estuvo acompa\u00f1ado de actores pol\u00edticos como Carlos de la Portilla, jefe en Enlaces de los Congresos Estatales de la Secretar\u00eda de Gobernaci\u00f3n; Maricela Contreras, jefa de Enlaces de la C\u00e1mara de Diputados Federal, y por Luis Humberto Fern\u00e1ndez, senador de la Rep\u00fablica<\/p>\n","protected":false},"excerpt":{"rendered":"<p>En atenci\u00f3n al conflicto magisterial que enfrenta Michoac\u00e1n y otras entidades en materia educativa, el coordinador del Grupo Parlamentario de Morena en Michoac\u00e1n, Ferm\u00edn Bernab\u00e9 Bahena, asisti\u00f3 a una reuni\u00f3n de trabajo ante autoridades de la Secretar\u00eda de Gobernaci\u00f3n para atender temas referentes a las reformas constitucionales de la nueva Ley de Educaci\u00f3n. Durante la [&hellip;]<\/p>\n","protected":false},"author":2,"featured_media":62464,"comment_status":"closed","ping_status":"closed","sticky":false,"template":"","format":"standard","meta":{"footnotes":""},"categories":[6],"tags":[],"class_list":["post-62463","post","type-post","status-publish","format-standard","has-post-thumbnail","hentry","category-congreso-del-estado"],"_links":{"self":[{"href":"https:\/\/radiowebmx.com\/nota\/wp-json\/wp\/v2\/posts\/62463","targetHints":{"allow":["GET"]}}],"collection":[{"href":"https:\/\/radiowebmx.com\/nota\/wp-json\/wp\/v2\/posts"}],"about":[{"href":"https:\/\/radiowebmx.com\/nota\/wp-json\/wp\/v2\/types\/post"}],"author":[{"embeddable":true,"href":"https:\/\/radiowebmx.com\/nota\/wp-json\/wp\/v2\/users\/2"}],"replies":[{"embeddable":true,"href":"https:\/\/radiowebmx.com\/nota\/wp-json\/wp\/v2\/comments?post=62463"}],"version-history":[{"count":1,"href":"https:\/\/radiowebmx.com\/nota\/wp-json\/wp\/v2\/posts\/62463\/revisions"}],"predecessor-version":[{"id":62465,"href":"https:\/\/radiowebmx.com\/nota\/wp-json\/wp\/v2\/posts\/62463\/revisions\/62465"}],"wp:featuredmedia":[{"embeddable":true,"href":"https:\/\/radiowebmx.com\/nota\/wp-json\/wp\/v2\/media\/62464"}],"wp:attachment":[{"href":"https:\/\/radiowebmx.com\/nota\/wp-json\/wp\/v2\/media?parent=62463"}],"wp:term":[{"taxonomy":"category","embeddable":true,"href":"https:\/\/radiowebmx.com\/nota\/wp-json\/wp\/v2\/categories?post=62463"},{"taxonomy":"post_tag","embeddable":true,"href":"https:\/\/radiowebmx.com\/nota\/wp-json\/wp\/v2\/tags?post=62463"}],"curies":[{"name":"wp","href":"https:\/\/api.w.org\/{rel}","templated":true}]}}