{"id":62460,"date":"2019-03-28T11:07:51","date_gmt":"2019-03-28T17:07:51","guid":{"rendered":"https:\/\/radiowebmx.com\/nota\/?p=62460"},"modified":"2019-03-28T11:07:51","modified_gmt":"2019-03-28T17:07:51","slug":"urge-antonio-soto-a-que-federacion-reasigne-recursos-para-el-sector-educativo-en-michoacan","status":"publish","type":"post","link":"https:\/\/radiowebmx.com\/nota\/urge-antonio-soto-a-que-federacion-reasigne-recursos-para-el-sector-educativo-en-michoacan\/","title":{"rendered":"Urge Antonio Soto a que Federaci\u00f3n reasigne recursos para el sector educativo en Michoac\u00e1n"},"content":{"rendered":"<ul>\n<li>Convoca a respaldar a maestros y al estado<\/li>\n<\/ul>\n<div><\/div>\n<div>\u201cLa educaci\u00f3n es fundamental para el desarrollo de Michoac\u00e1n, por lo que es necesario cerrar filas en beneficio de los maestros y de este sector\u201d, se\u00f1al\u00f3 el diputado Antonio Soto S\u00e1nchez, tras pronunciarse a favor del Punto de Acuerdo por el que se exhorta al Gobierno Federal para que reasignen recursos para resolver el d\u00e9ficit educativo en la entidad.<\/p>\n<p>El legislador, integrante del Grupo Parlamentario del PRD en la LXXIV Legislatura Local, se pronunci\u00f3 a favor de dar certeza a los docentes en cuanto a sus salarios, por lo que consider\u00f3 necesario y apremiante que se destine una partida presupuestaria y se federalicen las plazas estatales vigentes.<\/p>\n<p>\u201cNo podemos oponernos a poner por delante el tema educativo, lo m\u00e1s importante es la educaci\u00f3n de nuestras ni\u00f1as, ni\u00f1os y j\u00f3venes, y su derecho a no perder clases por falta de pagos a los maestros\u201d, manifest\u00f3.<\/p>\n<p>Por lo anterior, consider\u00f3 oportuno y viable que hoy en el Congreso del Estado se avalara este exhorto, en el que se pide que se reasignen los recursos para atender el problema que se tiene en el sector educativo.<\/p>\n<p>Enfatiz\u00f3 que es urgente que los secretarios de Hacienda y Cr\u00e9dito P\u00fablico y de Educaci\u00f3n P\u00fablica Federal y el propio Congreso de la Uni\u00f3n atiendan el exhorto avalado, hoy, por el Pleno de la LXXIV Legislatura Local, al referir quien se oponga a ello, reflejar\u00eda que est\u00e1 en contra del inter\u00e9s superior.<\/p>\n<p>En el tema educativo, consider\u00f3, que a\u00fan y cuando existan diferencias de opiniones, no se debe escatimar esfuerzos en la tarea de buscar el beneficio com\u00fan y atender este tema que interesa a las y los michoacanos.<\/p>\n<p>Soto S\u00e1nchez llam\u00f3 a privilegiar el inter\u00e9s com\u00fan y el desarrollo de Michoac\u00e1n y record\u00f3 que el problema que se vive en este sector es de varias administraci\u00f3n atr\u00e1s, el cual se gener\u00f3 ya que \u201cla Federaci\u00f3n no transfiri\u00f3 los recursos que estipulaba el convenio de colaboraci\u00f3n en la materia y de esta manera se fue generando un d\u00e9ficit presupuestal de aproximadamente cinco mil millones de pesos anuales, tan s\u00f3lo en el tema educativo, afectado este rubro y tambi\u00e9n a las finanzas estatales\u201d.<\/p>\n<p>Record\u00f3 que el Acuerdo Nacional para la Modernizaci\u00f3n Educativa B\u00e1sica de 1992 y el Acuerdo por la Calidad Educativa del 2007, establec\u00edan que las aportaciones que deb\u00eda realizar la Federaci\u00f3n ser\u00edan del 88 por ciento y el Estado cubrir\u00eda el restante 12 por ciento de los recursos totales.<\/p>\n<p>\u201cEn realidad, actualmente, la composici\u00f3n porcentual de las aportaciones de recursos es de 73.4 de la Federaci\u00f3n y 26.6 por parte del Estado; es decir, Michoac\u00e1n tiene que aportar m\u00e1s del 100 por ciento de lo pactado y el estado no cuenta con los recursos para hacer frente a las demandas que se tienen en el sector, lo cual ha generado graves problemas y lo que \u00a0queremos hoy es apoyar a los maestros y a los alumnos y buscar esquemas para que este problema se resuelva de fondo\u201d, finaliz\u00f3.<\/p><\/div>\n","protected":false},"excerpt":{"rendered":"<p>Convoca a respaldar a maestros y al estado \u201cLa educaci\u00f3n es fundamental para el desarrollo de Michoac\u00e1n, por lo que es necesario cerrar filas en beneficio de los maestros y de este sector\u201d, se\u00f1al\u00f3 el diputado Antonio Soto S\u00e1nchez, tras pronunciarse a favor del Punto de Acuerdo por el que se exhorta al Gobierno Federal [&hellip;]<\/p>\n","protected":false},"author":2,"featured_media":62461,"comment_status":"closed","ping_status":"closed","sticky":false,"template":"","format":"standard","meta":{"footnotes":""},"categories":[6],"tags":[],"class_list":["post-62460","post","type-post","status-publish","format-standard","has-post-thumbnail","hentry","category-congreso-del-estado"],"_links":{"self":[{"href":"https:\/\/radiowebmx.com\/nota\/wp-json\/wp\/v2\/posts\/62460","targetHints":{"allow":["GET"]}}],"collection":[{"href":"https:\/\/radiowebmx.com\/nota\/wp-json\/wp\/v2\/posts"}],"about":[{"href":"https:\/\/radiowebmx.com\/nota\/wp-json\/wp\/v2\/types\/post"}],"author":[{"embeddable":true,"href":"https:\/\/radiowebmx.com\/nota\/wp-json\/wp\/v2\/users\/2"}],"replies":[{"embeddable":true,"href":"https:\/\/radiowebmx.com\/nota\/wp-json\/wp\/v2\/comments?post=62460"}],"version-history":[{"count":1,"href":"https:\/\/radiowebmx.com\/nota\/wp-json\/wp\/v2\/posts\/62460\/revisions"}],"predecessor-version":[{"id":62462,"href":"https:\/\/radiowebmx.com\/nota\/wp-json\/wp\/v2\/posts\/62460\/revisions\/62462"}],"wp:featuredmedia":[{"embeddable":true,"href":"https:\/\/radiowebmx.com\/nota\/wp-json\/wp\/v2\/media\/62461"}],"wp:attachment":[{"href":"https:\/\/radiowebmx.com\/nota\/wp-json\/wp\/v2\/media?parent=62460"}],"wp:term":[{"taxonomy":"category","embeddable":true,"href":"https:\/\/radiowebmx.com\/nota\/wp-json\/wp\/v2\/categories?post=62460"},{"taxonomy":"post_tag","embeddable":true,"href":"https:\/\/radiowebmx.com\/nota\/wp-json\/wp\/v2\/tags?post=62460"}],"curies":[{"name":"wp","href":"https:\/\/api.w.org\/{rel}","templated":true}]}}