{"id":62457,"date":"2019-03-28T11:06:22","date_gmt":"2019-03-28T17:06:22","guid":{"rendered":"https:\/\/radiowebmx.com\/nota\/?p=62457"},"modified":"2019-03-28T11:06:22","modified_gmt":"2019-03-28T17:06:22","slug":"legisla-gppan-a-favor-de-grupos-vulnerables-de-michoacan","status":"publish","type":"post","link":"https:\/\/radiowebmx.com\/nota\/legisla-gppan-a-favor-de-grupos-vulnerables-de-michoacan\/","title":{"rendered":"Legisla GPPAN a favor de grupos vulnerables de Michoac\u00e1n"},"content":{"rendered":"<p class=\"x_m_-1081465987351217074gmail-MsoNoSpacing\">* Reitera su compromiso con la ni\u00f1ez michoacana afectada por los recortes presupuestales federales.<\/p>\n<p class=\"x_m_-1081465987351217074gmail-MsoNoSpacing\">\n<p class=\"x_m_-1081465987351217074gmail-MsoNoSpacing\">* Busca mejorar la inclusi\u00f3n de las personas con alg\u00fan tipo de discapacidad en el sector laboral.<\/p>\n<p class=\"x_m_-1081465987351217074gmail-MsoNoSpacing\">\n<p class=\"x_m_-1081465987351217074gmail-MsoNoSpacing\">Morelia, Michoac\u00e1n, a 27 de marzo del 2019.-El Grupo parlamentario del Partido Acci\u00f3n Nacional (GPPAN) en la LXXIV Legislatura, contin\u00faa legislando a favor de los grupos vulnerables de Michoac\u00e1n, ante los graves recortes presupuestales y eliminaci\u00f3n de programas sociales que realiz\u00f3 el gobierno federal.<\/p>\n<p class=\"x_m_-1081465987351217074gmail-MsoNoSpacing\">\n<p class=\"x_m_-1081465987351217074gmail-MsoNoSpacing\">Arturo Hern\u00e1ndez V\u00e1zquez, vicecoordinador del GPPAN, propuso ante el Pleno de la LXXIV Legislatura una reforma a la Ley para la inclusi\u00f3n laboral de personas con discapacidad, pues m\u00e1s de 250 mil personas con esta condici\u00f3n se encuentran en el desempleo.<\/p>\n<p class=\"x_m_-1081465987351217074gmail-MsoNoSpacing\">\n<p class=\"x_m_-1081465987351217074gmail-MsoNoSpacing\">El legislador de Acci\u00f3n Nacional tambi\u00e9n solicit\u00f3 elevar a rango constitucional el inter\u00e9s superior de la ni\u00f1ez, para que \u00e9sta no quede condicionada a intereses electorales del partido pol\u00edtico en el poder.<\/p>\n<p class=\"x_m_-1081465987351217074gmail-MsoNoSpacing\">\n<p class=\"x_m_-1081465987351217074gmail-MsoNoSpacing\">A su vez, el diputado Oscar Escobar Ledesma hizo un llamado al pleno de la LXXIV Legislatura para que todos sus integrantes se sumen a la b\u00fasqueda de una soluci\u00f3n al problema educativo que impera en Michoac\u00e1n, a causa de las malas decisiones que tomaron gobiernos pasados y que mantienen al estado en los \u00faltimos lugares en aprovechamiento educativo.<\/p>\n<p class=\"x_m_-1081465987351217074gmail-MsoNoSpacing\">\n<p class=\"x_m_-1081465987351217074gmail-MsoNoSpacing\">Escobar Ledesma dej\u00f3 en claro que los legisladores michoacanos deben pensar en las pr\u00f3ximas generaciones de estudiantes, y no en las pr\u00f3ximas elecciones.<\/p>\n<p class=\"x_m_-1081465987351217074gmail-MsoNoSpacing\">\n<p class=\"x_m_-1081465987351217074gmail-MsoNoSpacing\">En tanto, la diputada Mar\u00eda del Refugio Cabrera Hermosillo, presidenta de la Comisi\u00f3n de Salud y Asistencia Social, llam\u00f3 al pleno del Congreso del Estado a legislar a favor de las personas con s\u00edndrome de Down, a fin de mejorar su calidad de vida y cubrir todas sus necesidades.<\/p>\n<p class=\"x_m_-1081465987351217074gmail-MsoNoSpacing\">\n<p>\u201cHago un llamado a que unamos todos nuestros esfuerzos institucionales y a comprometernos sin prejuicios a favor de los derechos humanos de las personas con s\u00edndrome de Down, para que tengan un desarrollo integral\u201d, explic\u00f3.<\/p>\n","protected":false},"excerpt":{"rendered":"<p>* Reitera su compromiso con la ni\u00f1ez michoacana afectada por los recortes presupuestales federales. * Busca mejorar la inclusi\u00f3n de las personas con alg\u00fan tipo de discapacidad en el sector laboral. Morelia, Michoac\u00e1n, a 27 de marzo del 2019.-El Grupo parlamentario del Partido Acci\u00f3n Nacional (GPPAN) en la LXXIV Legislatura, contin\u00faa legislando a favor de [&hellip;]<\/p>\n","protected":false},"author":2,"featured_media":62458,"comment_status":"closed","ping_status":"closed","sticky":false,"template":"","format":"standard","meta":{"footnotes":""},"categories":[6],"tags":[],"class_list":["post-62457","post","type-post","status-publish","format-standard","has-post-thumbnail","hentry","category-congreso-del-estado"],"_links":{"self":[{"href":"https:\/\/radiowebmx.com\/nota\/wp-json\/wp\/v2\/posts\/62457","targetHints":{"allow":["GET"]}}],"collection":[{"href":"https:\/\/radiowebmx.com\/nota\/wp-json\/wp\/v2\/posts"}],"about":[{"href":"https:\/\/radiowebmx.com\/nota\/wp-json\/wp\/v2\/types\/post"}],"author":[{"embeddable":true,"href":"https:\/\/radiowebmx.com\/nota\/wp-json\/wp\/v2\/users\/2"}],"replies":[{"embeddable":true,"href":"https:\/\/radiowebmx.com\/nota\/wp-json\/wp\/v2\/comments?post=62457"}],"version-history":[{"count":1,"href":"https:\/\/radiowebmx.com\/nota\/wp-json\/wp\/v2\/posts\/62457\/revisions"}],"predecessor-version":[{"id":62459,"href":"https:\/\/radiowebmx.com\/nota\/wp-json\/wp\/v2\/posts\/62457\/revisions\/62459"}],"wp:featuredmedia":[{"embeddable":true,"href":"https:\/\/radiowebmx.com\/nota\/wp-json\/wp\/v2\/media\/62458"}],"wp:attachment":[{"href":"https:\/\/radiowebmx.com\/nota\/wp-json\/wp\/v2\/media?parent=62457"}],"wp:term":[{"taxonomy":"category","embeddable":true,"href":"https:\/\/radiowebmx.com\/nota\/wp-json\/wp\/v2\/categories?post=62457"},{"taxonomy":"post_tag","embeddable":true,"href":"https:\/\/radiowebmx.com\/nota\/wp-json\/wp\/v2\/tags?post=62457"}],"curies":[{"name":"wp","href":"https:\/\/api.w.org\/{rel}","templated":true}]}}