{"id":62451,"date":"2019-03-28T11:03:22","date_gmt":"2019-03-28T17:03:22","guid":{"rendered":"https:\/\/radiowebmx.com\/nota\/?p=62451"},"modified":"2019-03-28T11:03:22","modified_gmt":"2019-03-28T17:03:22","slug":"araceli-saucedo-propone-eliminar-cuotas-voluntarias-en-escuelas-publicas-en-zonas-de-alta-marginacion","status":"publish","type":"post","link":"https:\/\/radiowebmx.com\/nota\/araceli-saucedo-propone-eliminar-cuotas-voluntarias-en-escuelas-publicas-en-zonas-de-alta-marginacion\/","title":{"rendered":"Araceli Saucedo propone eliminar cuotas voluntarias en escuelas p\u00fablicas en zonas de alta marginaci\u00f3n"},"content":{"rendered":"<ul>\n<li>Presenta iniciativa de reforma a la Ley de Educaci\u00f3n, demanda equidad y mayores oportunidades para los estudiantes que asistan a las escuelas p\u00fablicas<\/li>\n<li>Propone garantizar que la equidad sea el principio central del proceso educativo<\/li>\n<\/ul>\n<div>\nEs necesario que Michoac\u00e1n asuma la responsabilidad para la construcci\u00f3n de una educaci\u00f3n equitativa para que todos puedan aspirar a un futuro promisorio, afirm\u00f3 la diputada Araceli Saucedo Reyes quien present\u00f3 una iniciativa de reformas a la Ley de Educaci\u00f3n para el Estado, en la que plantea equidad en las condiciones y oportunidades de los escolapios que asisten a instituciones p\u00fablicas, por lo que se establece el prohibir que se imponga el pago de cuotas voluntarias de ning\u00fan tipo en las zonas de alta y muy alta marginaci\u00f3n.<\/p>\n<p>Al hacer uso de la M\u00e1xima Tribuna, la coordinadora del Grupo Parlamentario del Partido de la Revoluci\u00f3n Democr\u00e1tica en la LXXIV Legislatura Local, expuso la iniciativa que reforma diversos art\u00edculos de la Ley Estatal de Educaci\u00f3n del Estado de Michoac\u00e1n, cuyo prop\u00f3sito fundamental es garantizar la equidad en las condiciones y oportunidades de los estudiantes que asistan a las escuelas p\u00fablicas.<\/p>\n<p>Dej\u00f3 claro que \u201cla inequidad potencia la segregaci\u00f3n social y disminuye las posibilidades de alcanzar la universalidad del derecho a la educaci\u00f3n&#8221;; ante ello, dijo que en las reformas que plantea se propone prohibir a todo el personal de las escuelas p\u00fablicas, donde se imparta la educaci\u00f3n preescolar, primaria, secundaria y media superior, imponer a los padres, madres de familia o tutores de los educandos, el pago de cuotas voluntarias de ning\u00fan tipo en las zonas de alta y muy alta marginaci\u00f3n.<\/p>\n<p>La l\u00edder de la bancada perredista subray\u00f3 que el Estado Mexicano es responsable constitucionalmente de dotar de educaci\u00f3n b\u00e1sica a toda su poblaci\u00f3n, sin embargo, se\u00f1al\u00f3 que el rezago educativo en el pa\u00eds alcanz\u00f3 17.4 por ciento.<\/p>\n<p>\u201cEsta situaci\u00f3n se agrava y el caso de Michoac\u00e1n, el rezago educativo alcanza cifras preocupantes, pues el 27.4 por ciento de la poblaci\u00f3n no cuenta con la educaci\u00f3n obligatoria vigente al momento en que deb\u00eda haberla cursado; lo que ubica a nuestro estado diez puntos porcentuales por arriba del promedio nacional. Una realidad que margina a este sector de la poblaci\u00f3n\u201d.<\/p>\n<p>La diputada local por el Distrito de P\u00e1tzcuaro mencion\u00f3 que su propuesta es garantizar que la equidad sea el principio central del proceso educativo, y prohibir todo tipo de cuotas en las escuelas p\u00fablicas ubicadas en zonas de alta y muy alta marginaci\u00f3n.<\/p>\n<p>Aunado a ello, recalc\u00f3 que es necesario destinar m\u00e1s y mejores recursos a la educaci\u00f3n de grupos sociales o estudiantes en desventaja con base en el reconocimiento de sus caracter\u00edsticas, cualidades y necesidades particulares, con el fin de que alcancen el m\u00e1ximo desarrollo de sus potencialidades y participen en igualdad de condiciones en la vida social.<\/p>\n<p>Araceli Saucedo en tribuna expres\u00f3 \u201cdebemos aspirar, antes que a la calidad, a lograr una educaci\u00f3n equitativa, porque en ello se garantiza la inclusi\u00f3n de quienes han sido olvidados por el actual modelo educativo\u201d.<\/p>\n<p>\u201cLa educaci\u00f3n debe tener como objetivo principal la equidad, para que todos los alumnos y alumnas, sean quienes sean, puedan tener una educaci\u00f3n equivalente que les proporcione los mismos derechos y oportunidades ante la vida. Esto es tambi\u00e9n garantizar la justicia social y considerar a la educaci\u00f3n como un bien p\u00fablico\u201d.<\/p>\n<p>En ese contexto, a\u00f1adi\u00f3 que se requiere de una norma que garantice a los sectores de la poblaci\u00f3n m\u00e1s vulnerables como las mujeres, los pueblos y comunidades ind\u00edgenas, las y los j\u00f3venes, entre otros, salir del rezago en que se han desenvuelto hist\u00f3ricamente.<\/p>\n<p>\u201cCon esta propuesta de reforma que hoy les presento, se abre un camino diferente: el de la responsabilidad, el de la equidad que todos debemos construir. Estoy convencida de que es posible generar las condiciones que garanticen el acceso a una educaci\u00f3n con piso com\u00fan\u201d.<\/p>\n<p>Finalmente dijo que la equidad en la educaci\u00f3n es uno de los mayores desaf\u00edos de nuestro tiempo, porque supone una aspiraci\u00f3n hist\u00f3rica de nuestra sociedad, por lo ello, la importancia de legislar y cerrar filas en este contexto.<\/p><\/div>\n","protected":false},"excerpt":{"rendered":"<p>Presenta iniciativa de reforma a la Ley de Educaci\u00f3n, demanda equidad y mayores oportunidades para los estudiantes que asistan a las escuelas p\u00fablicas Propone garantizar que la equidad sea el principio central del proceso educativo Es necesario que Michoac\u00e1n asuma la responsabilidad para la construcci\u00f3n de una educaci\u00f3n equitativa para que todos puedan aspirar a [&hellip;]<\/p>\n","protected":false},"author":2,"featured_media":62452,"comment_status":"closed","ping_status":"closed","sticky":false,"template":"","format":"standard","meta":{"footnotes":""},"categories":[6],"tags":[],"class_list":["post-62451","post","type-post","status-publish","format-standard","has-post-thumbnail","hentry","category-congreso-del-estado"],"_links":{"self":[{"href":"https:\/\/radiowebmx.com\/nota\/wp-json\/wp\/v2\/posts\/62451","targetHints":{"allow":["GET"]}}],"collection":[{"href":"https:\/\/radiowebmx.com\/nota\/wp-json\/wp\/v2\/posts"}],"about":[{"href":"https:\/\/radiowebmx.com\/nota\/wp-json\/wp\/v2\/types\/post"}],"author":[{"embeddable":true,"href":"https:\/\/radiowebmx.com\/nota\/wp-json\/wp\/v2\/users\/2"}],"replies":[{"embeddable":true,"href":"https:\/\/radiowebmx.com\/nota\/wp-json\/wp\/v2\/comments?post=62451"}],"version-history":[{"count":1,"href":"https:\/\/radiowebmx.com\/nota\/wp-json\/wp\/v2\/posts\/62451\/revisions"}],"predecessor-version":[{"id":62453,"href":"https:\/\/radiowebmx.com\/nota\/wp-json\/wp\/v2\/posts\/62451\/revisions\/62453"}],"wp:featuredmedia":[{"embeddable":true,"href":"https:\/\/radiowebmx.com\/nota\/wp-json\/wp\/v2\/media\/62452"}],"wp:attachment":[{"href":"https:\/\/radiowebmx.com\/nota\/wp-json\/wp\/v2\/media?parent=62451"}],"wp:term":[{"taxonomy":"category","embeddable":true,"href":"https:\/\/radiowebmx.com\/nota\/wp-json\/wp\/v2\/categories?post=62451"},{"taxonomy":"post_tag","embeddable":true,"href":"https:\/\/radiowebmx.com\/nota\/wp-json\/wp\/v2\/tags?post=62451"}],"curies":[{"name":"wp","href":"https:\/\/api.w.org\/{rel}","templated":true}]}}