{"id":6240,"date":"2014-03-27T14:23:08","date_gmt":"2014-03-27T20:23:08","guid":{"rendered":"https:\/\/radiowebmx.com\/nota\/?p=6240"},"modified":"2014-03-27T14:23:08","modified_gmt":"2014-03-27T20:23:08","slug":"por-transparencia-preciso-se-dictamine-iniciativa-que-busca-dar-formato-al-informe-anual-que-presenta-el-ejecutivo-del-estado","status":"publish","type":"post","link":"https:\/\/radiowebmx.com\/nota\/por-transparencia-preciso-se-dictamine-iniciativa-que-busca-dar-formato-al-informe-anual-que-presenta-el-ejecutivo-del-estado\/","title":{"rendered":"Por transparencia preciso se dictamine iniciativa que busca dar formato al informe anual que presenta el Ejecutivo del Estado"},"content":{"rendered":"<p>\u201cAnte la necesidad de otorgar una mayor transparencia en el gasto p\u00fablico de la entidad, es indispensable cambiar el formato con el que se presenta el informe anual que presenta el Ejecutivo del Estado al Poder Legislativo, con el objetivo de que este contenga elementos que permitan verificar que la aplicaci\u00f3n y destino de los recursos sean los correctos, as\u00ed como hacer una valoraci\u00f3n de los resultados\u201d, as\u00ed lo se\u00f1al\u00f3 el diputado Sergio Ben\u00edtez Su\u00e1rez.<\/p>\n<p>El Coordinador del Grupo Parlamentario del Partido Acci\u00f3n Nacional en el Congreso local, se\u00f1al\u00f3 la urgencia de que se mejore la rendici\u00f3n de cuentas por parte del ejecutivo estatal de manera eficiente y transparente, as\u00ed como para hacer una valoraci\u00f3n cuantitativa de manera eficaz, sobre las acciones impulsadas y resultados que genera cada Administraci\u00f3n Estatal.<\/p>\n<p>Es importante recordar que a finales del 2012, los diputados del blanquiazul por medio del actual coordinador Sergio Ben\u00edtez Su\u00e1rez, as\u00ed como del legislador Alfonso Mart\u00ednez Alc\u00e1zar; fue presentada una Iniciativa que adiciona el art\u00edculo 33 bis a la Constituci\u00f3n Pol\u00edtica del Estado, con la finalidad de que se manifieste la situaci\u00f3n real que guarda el Estado, permitiendo sean incluidos los elementos que permitan hacer una valoraci\u00f3n real del origen y destino de los recursos p\u00fablicos aplicados en la entidad, as\u00ed como su aplicaci\u00f3n en la entidad, subray\u00e1ndose los avances y retrocesos que se han tenido, especific\u00e1ndose que metas sean cumplidas y las que no, puedan ser modificadas o corregidas\u201d, insisti\u00f3.<\/p>\n<p>Dentro de la Iniciativa presentada, los integrantes del blanquiazul reiteran que el contenido del informe debe indicar con claridad el cumplimiento o no de los objetivos, con la intenci\u00f3n de que los recursos no se desv\u00eden bajo argumentos confusos o irreales no se\u00f1alados en la programaci\u00f3n.<\/p>\n<p>El legislador del Partido Acci\u00f3n Nacional, dijo que se pretende que esta reforma sea dictaminada lo antes posible, con la intenci\u00f3n de hacer m\u00e1s eficiente el uso de\u00a0los recursos que se autorizan en el presupuesto anual por el poder legislativo, y su destino sea transparente ante los ciudadanos.<\/p>\n<p>Finalmente indic\u00f3, \u201cse trata de darle cuerpo y orden a la estructura de la rendici\u00f3n de cuentas por parte del Ejecutivo y deje de ser s\u00f3lo una pasarela pol\u00edtica festejando \u00fanicamente el d\u00eda del Gobernador, para que se expongan datos reales sobre la situaci\u00f3n que prevalece en Michoac\u00e1n\u201d.<\/p>\n","protected":false},"excerpt":{"rendered":"<p>\u201cAnte la necesidad de otorgar una mayor transparencia en el gasto p\u00fablico de la entidad, es indispensable cambiar el formato con el que se presenta el informe anual que presenta el Ejecutivo del Estado al Poder Legislativo,<\/p>\n","protected":false},"author":1,"featured_media":0,"comment_status":"open","ping_status":"open","sticky":false,"template":"","format":"standard","meta":{"footnotes":""},"categories":[6,8],"tags":[],"class_list":["post-6240","post","type-post","status-publish","format-standard","hentry","category-congreso-del-estado","category-grupo-parlamentario-del-pan"],"_links":{"self":[{"href":"https:\/\/radiowebmx.com\/nota\/wp-json\/wp\/v2\/posts\/6240","targetHints":{"allow":["GET"]}}],"collection":[{"href":"https:\/\/radiowebmx.com\/nota\/wp-json\/wp\/v2\/posts"}],"about":[{"href":"https:\/\/radiowebmx.com\/nota\/wp-json\/wp\/v2\/types\/post"}],"author":[{"embeddable":true,"href":"https:\/\/radiowebmx.com\/nota\/wp-json\/wp\/v2\/users\/1"}],"replies":[{"embeddable":true,"href":"https:\/\/radiowebmx.com\/nota\/wp-json\/wp\/v2\/comments?post=6240"}],"version-history":[{"count":1,"href":"https:\/\/radiowebmx.com\/nota\/wp-json\/wp\/v2\/posts\/6240\/revisions"}],"predecessor-version":[{"id":6241,"href":"https:\/\/radiowebmx.com\/nota\/wp-json\/wp\/v2\/posts\/6240\/revisions\/6241"}],"wp:attachment":[{"href":"https:\/\/radiowebmx.com\/nota\/wp-json\/wp\/v2\/media?parent=6240"}],"wp:term":[{"taxonomy":"category","embeddable":true,"href":"https:\/\/radiowebmx.com\/nota\/wp-json\/wp\/v2\/categories?post=6240"},{"taxonomy":"post_tag","embeddable":true,"href":"https:\/\/radiowebmx.com\/nota\/wp-json\/wp\/v2\/tags?post=6240"}],"curies":[{"name":"wp","href":"https:\/\/api.w.org\/{rel}","templated":true}]}}