{"id":623,"date":"2012-12-17T09:30:20","date_gmt":"2012-12-17T15:30:20","guid":{"rendered":"https:\/\/radiowebmx.com\/nota\/?p=623"},"modified":"2012-12-17T09:32:39","modified_gmt":"2012-12-17T15:32:39","slug":"la-huacana-tendra-guarderia-para-hijos-de-madres-no-asalariadas-y-de-escasos-recursos","status":"publish","type":"post","link":"https:\/\/radiowebmx.com\/nota\/la-huacana-tendra-guarderia-para-hijos-de-madres-no-asalariadas-y-de-escasos-recursos\/","title":{"rendered":"LA HUACANA TENDR\u00c1 GUARDER\u00cdA PARA HIJOS DE MADRES NO ASALARIADAS Y DE ESCASOS RECURSOS"},"content":{"rendered":"<p><img loading=\"lazy\" decoding=\"async\" class=\"alignnone\" src=\"http:\/\/img706.imageshack.us\/img706\/8144\/dsc07137ku.jpg\" alt=\"\" width=\"591\" height=\"237\" \/>El municipio de La Huacana contar\u00e1 con una nueva guarder\u00eda que dar\u00e1 asistencia a los hijos de las madres trabajadoras no asalariadas, sin seguridad social \u00a0y de escasos recursos de esta localidad michoacana, obra que se realiza por instrucci\u00f3n del gobernador Fausto Vallejo Figueroa, y es operada dentro del Programa Fonregi\u00f3n.<\/p>\n<p>Esta guarder\u00eda cuya construcci\u00f3n inici\u00f3 el pasado mes de noviembre, tendr\u00e1 una inversi\u00f3n total de 12 millones de pesos; se edifica en un \u00e1rea de mil 300 metros cuadrados y contar\u00e1 con una capacidad de atenci\u00f3n para 120 ni\u00f1os, desde 45 d\u00edas de nacidos hasta los 4 a\u00f1os de edad. Est\u00e1 previsto que la obra pueda ser concluida y entregada a mediados de 2013.<\/p>\n<p>Con esta acci\u00f3n, la Secretar\u00eda de Comunicaciones y Obras P\u00fablicas cumple con uno de los compromisos que adquiri\u00f3 el gobernador Vallejo Figueroa durante su campa\u00f1a, de brindar a las mujeres michoacanas la oportunidad de encargar a sus peque\u00f1os en un lugar seguro, donde sean atendidos con calidad y calidez mientras ellas trabajan.<\/p>\n<p>Este proyecto forma parte del desarrollo que se ha programado para impulsar la actividad de la mujer trabajadora en el estado, como el arranque de la construcci\u00f3n de una guarder\u00eda en la tenencia de Guacamayas, en el municipio de L\u00e1zaro C\u00e1rdenas, que se perfila a ser una de las mejores de nuestro pa\u00eds y ahora con la puesta en marcha de las obras para un centro infantil en La Huacana.<\/p>\n<p>La guarder\u00eda en La Huacana contar\u00e1 con servicios especializados de nutri\u00f3logo, psic\u00f3logo, lactario y pedagogo. Salas para maestras, enfermer\u00eda y servicios sanitarios. Cuneros, sal\u00f3n de usos m\u00faltiples, comedor, ludoteca, cocina, entre otros espacios que estar\u00e1n destinados a los peque\u00f1os.<\/p>\n<p>Adem\u00e1s tendr\u00e1 \u00e1reas verdes y juegos infantiles para las diversas edades. Caseta de vigilancia, patio c\u00edvico, asta bandera, arenero, cercado perimetral y 11 salidas de emergencia.<\/p>\n<p>&nbsp;<\/p>\n","protected":false},"excerpt":{"rendered":"<p>El municipio de La Huacana contar\u00e1 con una nueva guarder\u00eda que dar\u00e1 asistencia a los hijos de las madres trabajadoras no asalariadas, sin seguridad social  y de escasos recursos de esta localidad michoacana, obra que se realiza por instrucci\u00f3n del gobernador Fausto Vallejo Figueroa, y es operada dentro del Programa Fonregi\u00f3n.<\/p>\n","protected":false},"author":1,"featured_media":0,"comment_status":"open","ping_status":"open","sticky":false,"template":"","format":"standard","meta":{"footnotes":""},"categories":[3],"tags":[],"class_list":["post-623","post","type-post","status-publish","format-standard","hentry","category-gobierno-del-estado-de-michoacan"],"_links":{"self":[{"href":"https:\/\/radiowebmx.com\/nota\/wp-json\/wp\/v2\/posts\/623","targetHints":{"allow":["GET"]}}],"collection":[{"href":"https:\/\/radiowebmx.com\/nota\/wp-json\/wp\/v2\/posts"}],"about":[{"href":"https:\/\/radiowebmx.com\/nota\/wp-json\/wp\/v2\/types\/post"}],"author":[{"embeddable":true,"href":"https:\/\/radiowebmx.com\/nota\/wp-json\/wp\/v2\/users\/1"}],"replies":[{"embeddable":true,"href":"https:\/\/radiowebmx.com\/nota\/wp-json\/wp\/v2\/comments?post=623"}],"version-history":[{"count":3,"href":"https:\/\/radiowebmx.com\/nota\/wp-json\/wp\/v2\/posts\/623\/revisions"}],"predecessor-version":[{"id":625,"href":"https:\/\/radiowebmx.com\/nota\/wp-json\/wp\/v2\/posts\/623\/revisions\/625"}],"wp:attachment":[{"href":"https:\/\/radiowebmx.com\/nota\/wp-json\/wp\/v2\/media?parent=623"}],"wp:term":[{"taxonomy":"category","embeddable":true,"href":"https:\/\/radiowebmx.com\/nota\/wp-json\/wp\/v2\/categories?post=623"},{"taxonomy":"post_tag","embeddable":true,"href":"https:\/\/radiowebmx.com\/nota\/wp-json\/wp\/v2\/tags?post=623"}],"curies":[{"name":"wp","href":"https:\/\/api.w.org\/{rel}","templated":true}]}}