{"id":621,"date":"2012-12-17T09:29:04","date_gmt":"2012-12-17T15:29:04","guid":{"rendered":"https:\/\/radiowebmx.com\/nota\/?p=621"},"modified":"2012-12-17T09:29:04","modified_gmt":"2012-12-17T15:29:04","slug":"presentan-informes-de-gobierno-alcaldes-de-irimbo-y-tarimbaro","status":"publish","type":"post","link":"https:\/\/radiowebmx.com\/nota\/presentan-informes-de-gobierno-alcaldes-de-irimbo-y-tarimbaro\/","title":{"rendered":"PRESENTAN  INFORMES DE GOBIERNO ALCALDES DE IRIMBO Y TAR\u00cdMBARO"},"content":{"rendered":"<p><img loading=\"lazy\" decoding=\"async\" class=\"alignnone\" src=\"http:\/\/img19.imageshack.us\/img19\/2056\/suma172.jpg\" alt=\"\" width=\"800\" height=\"352\" \/>Con la representaci\u00f3n del gobernador del estado Fausto Vallejo Figueroa, el titular de la Secretar\u00eda de Urbanismo y Medio Ambiente (SUMA), Mauro Ram\u00f3n Ballesteros Figueroa asisti\u00f3 a la presentaci\u00f3n de los informes de gobierno municipal 2012 de los alcaldes de Irimbo y Tar\u00edmbaro, Jos\u00e9 Jaime L\u00f3pez Soto y Benjam\u00edn P\u00e1ramo Garc\u00eda, respectivamente.<\/p>\n<p>&nbsp;<\/p>\n<p>En Irimbo, ante la presencia de los integrantes del cabildo, y despu\u00e9s de escuchar el estado que guarda la administraci\u00f3n municipal en los temas de educaci\u00f3n, salud, cultura, asistencia social y medio ambiente, el titular de SUMA, reafirm\u00f3 el compromiso del mandatario estatal\u00a0 por mantener al estado de Michoac\u00e1n con una visi\u00f3n municipalista.<\/p>\n<p>&nbsp;<\/p>\n<p>Indic\u00f3 que este a\u00f1o se han presentado dificultades econ\u00f3micas para la mayor\u00eda de los ayuntamientos del estado y para la administraci\u00f3n estatal, sin embargo, la uni\u00f3n de esfuerzos de los diferentes \u00e1mbitos de gobierno ha permitido dar respuesta a las inquietudes y necesidades de la sociedad michoacana.<\/p>\n<p>&nbsp;<\/p>\n<p>Refiri\u00f3 que el desarrollo de Michoac\u00e1n durante el peri\u00f3dico 2012-2015 estar\u00e1 orientado a resolver las demandas de los distintos sectores de la poblaci\u00f3n basado en cinco ejes rectores.<\/p>\n<p>&nbsp;<\/p>\n<p>1.- Gobernabilidad con participaci\u00f3n social<\/p>\n<p>&nbsp;<\/p>\n<p>2.- Una sociedad con mayor calidad de vida<\/p>\n<p>&nbsp;<\/p>\n<p>3.-Una econom\u00eda sustentable al servicio de los michoacanos<\/p>\n<p>&nbsp;<\/p>\n<p>4.- Desarrollo para todos y equidad entre las regiones<\/p>\n<p>&nbsp;<\/p>\n<p>5.- Un gobierno eficiente, transparente y al servicio de la gente<\/p>\n<p>&nbsp;<\/p>\n<p>Asimismo, en Tar\u00edmbaro, Ballesteros Figueroa reconoci\u00f3 los avances que ha tenido esta poblaci\u00f3n colindante con la capital del estado, destacando la conurbaci\u00f3n junto con Charo y \u00c1lvaro Obreg\u00f3n, lo que a corto plazo representar\u00e1 una importante oportunidad de desarrollo pero tambi\u00e9n de retos.<\/p>\n<p>&nbsp;<\/p>\n<p>&nbsp;<\/p>\n<p>&nbsp;<\/p>\n<p>&nbsp;<\/p>\n<p>&nbsp;<\/p>\n<p>Por otra parte, durante su primer informe de gobierno, el alcalde de Tar\u00edmbaro, Benjam\u00edn P\u00e1ramo Garc\u00eda, destac\u00f3 el hecho de que este municipio dio atenci\u00f3n en audiencias p\u00fablicas a alrededor de 6 mil personas de sus tres tenencias, cabecera municipal y conurbaci\u00f3n con Morelia, logrando mantener sus finanzas sanas.<\/p>\n","protected":false},"excerpt":{"rendered":"<p>Con la representaci\u00f3n del gobernador del estado Fausto Vallejo Figueroa, el titular de la Secretar\u00eda de Urbanismo y Medio Ambiente (SUMA), Mauro Ram\u00f3n Ballesteros Figueroa asisti\u00f3 a la presentaci\u00f3n de los informes de gobierno municipal 2012 de los alcaldes de Irimbo y Tar\u00edmbaro, Jos\u00e9 Jaime L\u00f3pez Soto y Benjam\u00edn P\u00e1ramo Garc\u00eda, respectivamente. &nbsp; En Irimbo, [&hellip;]<\/p>\n","protected":false},"author":1,"featured_media":0,"comment_status":"open","ping_status":"open","sticky":false,"template":"","format":"standard","meta":{"footnotes":""},"categories":[3],"tags":[],"class_list":["post-621","post","type-post","status-publish","format-standard","hentry","category-gobierno-del-estado-de-michoacan"],"_links":{"self":[{"href":"https:\/\/radiowebmx.com\/nota\/wp-json\/wp\/v2\/posts\/621","targetHints":{"allow":["GET"]}}],"collection":[{"href":"https:\/\/radiowebmx.com\/nota\/wp-json\/wp\/v2\/posts"}],"about":[{"href":"https:\/\/radiowebmx.com\/nota\/wp-json\/wp\/v2\/types\/post"}],"author":[{"embeddable":true,"href":"https:\/\/radiowebmx.com\/nota\/wp-json\/wp\/v2\/users\/1"}],"replies":[{"embeddable":true,"href":"https:\/\/radiowebmx.com\/nota\/wp-json\/wp\/v2\/comments?post=621"}],"version-history":[{"count":1,"href":"https:\/\/radiowebmx.com\/nota\/wp-json\/wp\/v2\/posts\/621\/revisions"}],"predecessor-version":[{"id":622,"href":"https:\/\/radiowebmx.com\/nota\/wp-json\/wp\/v2\/posts\/621\/revisions\/622"}],"wp:attachment":[{"href":"https:\/\/radiowebmx.com\/nota\/wp-json\/wp\/v2\/media?parent=621"}],"wp:term":[{"taxonomy":"category","embeddable":true,"href":"https:\/\/radiowebmx.com\/nota\/wp-json\/wp\/v2\/categories?post=621"},{"taxonomy":"post_tag","embeddable":true,"href":"https:\/\/radiowebmx.com\/nota\/wp-json\/wp\/v2\/tags?post=621"}],"curies":[{"name":"wp","href":"https:\/\/api.w.org\/{rel}","templated":true}]}}