{"id":6199,"date":"2014-03-26T11:53:19","date_gmt":"2014-03-26T17:53:19","guid":{"rendered":"https:\/\/radiowebmx.com\/nota\/?p=6199"},"modified":"2014-03-26T11:53:19","modified_gmt":"2014-03-26T17:53:19","slug":"morelia-sede-de-la-xxiv-convencion-nacional-de-fotografos","status":"publish","type":"post","link":"https:\/\/radiowebmx.com\/nota\/morelia-sede-de-la-xxiv-convencion-nacional-de-fotografos\/","title":{"rendered":"MORELIA, SEDE DE LA XXIV CONVENCI\u00d3N NACIONAL DE FOT\u00d3GRAFOS"},"content":{"rendered":"<p><a href=\"https:\/\/radiowebmx.com\/nota\/wp-content\/uploads\/2014\/03\/DSC_6646.jpg\"><img loading=\"lazy\" decoding=\"async\" class=\"alignleft size-full wp-image-6200\" alt=\"DSC_6646\" src=\"https:\/\/radiowebmx.com\/nota\/wp-content\/uploads\/2014\/03\/DSC_6646.jpg\" width=\"591\" height=\"305\" \/><\/a>M\u00e1s de mil asistentes espera Morelia, del 27 al 30 de junio, con motivo de la XXIX Convenci\u00f3n Nacional de Fot\u00f3grafos Profesionales y Proveedores de la Industria.<\/p>\n<p>Gerardo Guerrero S\u00e1nchez, presidente de la Asociaci\u00f3n Nacional de Fot\u00f3grafos Profesionales, inform\u00f3 que Morelia es la ciudad que ha logrado la sede en m\u00e1s ocasiones, esta vez volvi\u00f3 a obtenerla con el respaldo del Secretario de Turismo del Estado, Roberto Monroy Garc\u00eda.<\/p>\n<p>Destac\u00f3 que los objetivos del evento son incidir en la activaci\u00f3n del turismo de negocios en la ciudad e impulsar la imagen positiva de la capital michoacana mediante la divulgaci\u00f3n de im\u00e1genes que los asistentes tomar\u00e1n durante su estancia en la ciudad.<\/p>\n<p>Por su parte, Jos\u00e9 Antonio Romo, integrante del comit\u00e9 organizador, coment\u00f3 que durante el evento habr\u00e1 una exposici\u00f3n sobre la evoluci\u00f3n de los equipos de fotograf\u00eda en el mundo, adem\u00e1s de talleres, cursos y seminarios con t\u00e9cnicas y pr\u00e1cticas, con la participaci\u00f3n de ponentes internacionales.<\/p>\n<p>Coincidi\u00f3 con Eduardo Quintana M\u00e9ndez, representante de la Secretar\u00eda de Turismo del Estado, en que Morelia ofrece al visitante miles de motivos para la fotograf\u00eda, tanto por la belleza arquitect\u00f3nica de sus espacios como por las manifestaciones culturales y la propia vida cotidiana de la ciudad.<\/p>\n<p>Los interesados en participar en el evento pueden inscribirse en el correo electr\u00f3nico <a href=\"mailto:logisticayconvenciones@yahoo.com.mx\">logisticayconvenciones@yahoo.com.mx<\/a> o en el tel\u00e9fono (443)3143829.<\/p>\n","protected":false},"excerpt":{"rendered":"<p>M\u00e1s de mil asistentes espera Morelia, del 27 al 30 de junio, con motivo de la XXIX Convenci\u00f3n Nacional de Fot\u00f3grafos Profesionales y Proveedores de la Industria.<\/p>\n","protected":false},"author":1,"featured_media":0,"comment_status":"open","ping_status":"open","sticky":false,"template":"","format":"standard","meta":{"footnotes":""},"categories":[14,3],"tags":[],"class_list":["post-6199","post","type-post","status-publish","format-standard","hentry","category-destacadas","category-gobierno-del-estado-de-michoacan"],"_links":{"self":[{"href":"https:\/\/radiowebmx.com\/nota\/wp-json\/wp\/v2\/posts\/6199","targetHints":{"allow":["GET"]}}],"collection":[{"href":"https:\/\/radiowebmx.com\/nota\/wp-json\/wp\/v2\/posts"}],"about":[{"href":"https:\/\/radiowebmx.com\/nota\/wp-json\/wp\/v2\/types\/post"}],"author":[{"embeddable":true,"href":"https:\/\/radiowebmx.com\/nota\/wp-json\/wp\/v2\/users\/1"}],"replies":[{"embeddable":true,"href":"https:\/\/radiowebmx.com\/nota\/wp-json\/wp\/v2\/comments?post=6199"}],"version-history":[{"count":1,"href":"https:\/\/radiowebmx.com\/nota\/wp-json\/wp\/v2\/posts\/6199\/revisions"}],"predecessor-version":[{"id":6201,"href":"https:\/\/radiowebmx.com\/nota\/wp-json\/wp\/v2\/posts\/6199\/revisions\/6201"}],"wp:attachment":[{"href":"https:\/\/radiowebmx.com\/nota\/wp-json\/wp\/v2\/media?parent=6199"}],"wp:term":[{"taxonomy":"category","embeddable":true,"href":"https:\/\/radiowebmx.com\/nota\/wp-json\/wp\/v2\/categories?post=6199"},{"taxonomy":"post_tag","embeddable":true,"href":"https:\/\/radiowebmx.com\/nota\/wp-json\/wp\/v2\/tags?post=6199"}],"curies":[{"name":"wp","href":"https:\/\/api.w.org\/{rel}","templated":true}]}}