{"id":619,"date":"2012-12-17T09:27:01","date_gmt":"2012-12-17T15:27:01","guid":{"rendered":"https:\/\/radiowebmx.com\/nota\/?p=619"},"modified":"2012-12-17T09:27:01","modified_gmt":"2012-12-17T15:27:01","slug":"gobierno-estatal-en-coordinacion-con-municipios-logro-importantes-inversiones-en-2012","status":"publish","type":"post","link":"https:\/\/radiowebmx.com\/nota\/gobierno-estatal-en-coordinacion-con-municipios-logro-importantes-inversiones-en-2012\/","title":{"rendered":"GOBIERNO ESTATAL EN COORDINACI\u00d3N CON MUNICIPIOS LOGR\u00d3 IMPORTANTES INVERSIONES EN 2012"},"content":{"rendered":"<p><img loading=\"lazy\" decoding=\"async\" class=\"alignnone\" src=\"http:\/\/img706.imageshack.us\/img706\/3190\/maravatio1.jpg\" alt=\"\" width=\"591\" height=\"254\" \/>El esfuerzo conjunto del gobierno estatal y los municipios ha generado que en diversas comunas haya importantes inversiones que permitir\u00e1n la apertura de empleos y desarrollo econ\u00f3mico para las regiones, indic\u00f3 el encargado de la pol\u00edtica econ\u00f3mica de Michoac\u00e1n, Ricardo Mart\u00ednez Su\u00e1rez.<\/p>\n<p>Durante su presencia en los informes de gobierno de los alcaldes de L\u00e1zaro C\u00e1rdenas, Arqu\u00edmides Oseguera Solorio y de Maravat\u00edo, Guillermo Corona L\u00f3pez; Mart\u00ednez Su\u00e1rez destac\u00f3 la labor en gesti\u00f3n de recursos de los ayuntamientos y los logros que cada municipio ha tenido.<\/p>\n<p>En L\u00e1zaro C\u00e1rdenas, ante el presidente municipal Oseguera Solorio, record\u00f3 que el pasado 9 de noviembre se devel\u00f3 la primera piedra de la Segunda Terminal de Contenedores con la que se aterrizar\u00e1 una inversi\u00f3n privada aproximada de 11 mil millones de pesos.<\/p>\n<p>Adem\u00e1s, la autoridad local reconoci\u00f3 la labor de gesti\u00f3n y apoyo del gobernador Fausto Vallejo y del titular de la Secretar\u00eda de Desarrollo Econ\u00f3mico, Ricardo Mart\u00ednez a trav\u00e9s del Foro Econ\u00f3mico y de Negocios que se realiz\u00f3 en el puerto y que trajo una importante derrama econ\u00f3mica para la ciudadan\u00eda.<\/p>\n<p>\u201cUna vez m\u00e1s, el puerto demuestra que sus ventajas de ubicaci\u00f3n y log\u00edstica lo podr\u00edan llevar a ser el puerto m\u00e1s grande del pac\u00edfico\u201d, indic\u00f3 el secretario de Desarrollo Econ\u00f3mico.<\/p>\n<p>Por otra parte, durante el informe del alcalde de Maravat\u00edo, Guillermo Corona L\u00f3pez; Mart\u00ednez Su\u00e1rez destac\u00f3 que a trav\u00e9s de las gestiones coordinadas entre el municipio y el estado, se lograron concretar 18 millones de pesos para la segunda etapa de la Plaza Comercial.<\/p>\n<p>Con ello, subray\u00f3 el secretario de Sedeco, se refrenda el compromiso de estos dos niveles de gobierno en apoyo a los sectores productivos, como los comerciantes.<\/p>\n<p>&nbsp;<\/p>\n","protected":false},"excerpt":{"rendered":"<p>El esfuerzo conjunto del gobierno estatal y los municipios ha generado que en diversas comunas haya importantes inversiones que permitir\u00e1n la apertura de empleos y desarrollo econ\u00f3mico para las regiones, indic\u00f3 el encargado de la pol\u00edtica econ\u00f3mica de Michoac\u00e1n, Ricardo Mart\u00ednez Su\u00e1rez.<\/p>\n","protected":false},"author":1,"featured_media":0,"comment_status":"open","ping_status":"open","sticky":false,"template":"","format":"standard","meta":{"footnotes":""},"categories":[3],"tags":[],"class_list":["post-619","post","type-post","status-publish","format-standard","hentry","category-gobierno-del-estado-de-michoacan"],"_links":{"self":[{"href":"https:\/\/radiowebmx.com\/nota\/wp-json\/wp\/v2\/posts\/619","targetHints":{"allow":["GET"]}}],"collection":[{"href":"https:\/\/radiowebmx.com\/nota\/wp-json\/wp\/v2\/posts"}],"about":[{"href":"https:\/\/radiowebmx.com\/nota\/wp-json\/wp\/v2\/types\/post"}],"author":[{"embeddable":true,"href":"https:\/\/radiowebmx.com\/nota\/wp-json\/wp\/v2\/users\/1"}],"replies":[{"embeddable":true,"href":"https:\/\/radiowebmx.com\/nota\/wp-json\/wp\/v2\/comments?post=619"}],"version-history":[{"count":1,"href":"https:\/\/radiowebmx.com\/nota\/wp-json\/wp\/v2\/posts\/619\/revisions"}],"predecessor-version":[{"id":620,"href":"https:\/\/radiowebmx.com\/nota\/wp-json\/wp\/v2\/posts\/619\/revisions\/620"}],"wp:attachment":[{"href":"https:\/\/radiowebmx.com\/nota\/wp-json\/wp\/v2\/media?parent=619"}],"wp:term":[{"taxonomy":"category","embeddable":true,"href":"https:\/\/radiowebmx.com\/nota\/wp-json\/wp\/v2\/categories?post=619"},{"taxonomy":"post_tag","embeddable":true,"href":"https:\/\/radiowebmx.com\/nota\/wp-json\/wp\/v2\/tags?post=619"}],"curies":[{"name":"wp","href":"https:\/\/api.w.org\/{rel}","templated":true}]}}