{"id":6177,"date":"2014-03-24T11:04:40","date_gmt":"2014-03-24T17:04:40","guid":{"rendered":"https:\/\/radiowebmx.com\/nota\/?p=6177"},"modified":"2014-03-24T11:04:40","modified_gmt":"2014-03-24T17:04:40","slug":"acude-fvf-a-exequias-del-alcalde-de-tanhuato-gustavo-garibay-se-reune-con-el-cabildo","status":"publish","type":"post","link":"https:\/\/radiowebmx.com\/nota\/acude-fvf-a-exequias-del-alcalde-de-tanhuato-gustavo-garibay-se-reune-con-el-cabildo\/","title":{"rendered":"ACUDE FVF A EXEQUIAS DEL ALCALDE DE TANHUATO GUSTAVO GARIBAY; SE RE\u00daNE CON EL CABILDO"},"content":{"rendered":"<p><a href=\"https:\/\/radiowebmx.com\/nota\/wp-content\/uploads\/2014\/03\/DSC_8398.jpg\"><img loading=\"lazy\" decoding=\"async\" class=\"alignleft size-full wp-image-6178\" alt=\"DSC_8398\" src=\"https:\/\/radiowebmx.com\/nota\/wp-content\/uploads\/2014\/03\/DSC_8398.jpg\" width=\"591\" height=\"326\" \/><\/a>El gobernador Fausto Vallejo Figueroa reconoci\u00f3 el buen ejercicio de gobierno del alcalde Gustavo Garibay Garc\u00eda y expres\u00f3 sus condolencias a familiares y amigos del extinto edil,\u00a0 principalmente a la ahora viuda, Gabriela Oseguera Guti\u00e9rrez.<\/p>\n<p>Acompa\u00f1ado por el secretario de Gobierno,\u00a0 Jes\u00fas Reyna Garc\u00eda; por el coordinador de Desarrollo Municipal, Jaime Mares Camarena; as\u00ed como por el jefe del Despacho de gobernador, Guillermo Guzm\u00e1n Fuentes, el mandatario lleg\u00f3 la ma\u00f1ana de este domingo al lugar donde se realizan las exequias del mun\u00edcipe.<\/p>\n<p>De manera especial se dirigi\u00f3 con la ahora viuda, Gabriela Oseguera Guti\u00e9rrez,\u00a0 a quien manifest\u00f3 su pesar por los lamentables acontecimientos que arrebataron la vida a Garibay Garc\u00eda.<\/p>\n<p>Reiter\u00f3 Vallejo Figueroa su disposici\u00f3n para que la Procuradur\u00eda General de Justicia del Estado despliegue todos sus esfuerzos hacia el pleno esclarecimiento de los hechos y la detenci\u00f3n de los hechores, para lo cual se siguen varias l\u00edneas de investigaci\u00f3n que se espera pronto arrojen positivos resultados.<\/p>\n<p>El titular del Ejecutivo estatal mont\u00f3 guardia de honor ante el f\u00e9retro del edil y extern\u00f3 sus respetos ante la dif\u00edcil situaci\u00f3n por la que atraviesa Tanhuato.<\/p>\n<p><b>UN HOMBRE DE LUCHA Y COMPROMETIDO CON SU PUEBLO<\/b><\/p>\n<p>M\u00e1s tarde,\u00a0 Fausto Vallejo sostuvo una reuni\u00f3n de trabajo con integrantes del H. Ayuntamiento de Tanhuato,\u00a0 encabezados por el s\u00edndico Jos\u00e9 Ignacio Cuevas P\u00e9rez.<\/p>\n<p>En el encuentro se abordaron temas relacionados con la estrategia que se ha de seguir para que las obras,\u00a0 acciones,\u00a0 proyectos y gestiones que en su momento fueron iniciadas por Gustavo Garibay Garc\u00eda, tengan la continuidad necesaria para propiciar el desarrollo del municipio, tal\u00a0 como en vida lo anhel\u00f3 el desaparecido alcalde.<\/p>\n<p>All\u00ed, el gobernador de Michoac\u00e1n reconoci\u00f3 a Gustavo Garibay Garc\u00eda como un hombre de firmes convicciones y muy comprometido con el ejercicio en su administraci\u00f3n, en la b\u00fasqueda de lograr m\u00e1s y mejores satisfactores para la poblaci\u00f3n de este municipio del Baj\u00edo michoacano.<\/p>\n<p>En la reuni\u00f3n, celebrada en la biblioteca p\u00fablica municipal, se enumeraron los proyectos que ven\u00eda empujando el alcalde y se acord\u00f3 dar el impulso necesario para hacerlos realidad como el mejor homenaje que se pueda rendir a Garibay Garc\u00eda.<\/p>\n<p>Estuvieron presentes los regidores Isabel Cristina Campos L\u00f3pez, Adelaida Tinajero Gil, Salvador Tamayo Guill\u00e9n, Jes\u00fas Belmontes, Jos\u00e9 Alfredo Hern\u00e1ndez Baeza y Jes\u00fas Izquierdo C\u00e1rdenas, as\u00ed como la secretaria del Ayuntamiento Mar\u00eda Francisca Licea Ram\u00edrez y el director de Desarrollo administrativo, \u00c1ngel Vera Garibay.<\/p>\n<p>Qued\u00f3 de manifiesto que una de las acciones que empujaba con decisi\u00f3n Gustavo Garibay Garc\u00eda, es la construcci\u00f3n de una unidad deportiva para Tanhuato, por lo que se dar\u00e1 continuidad a la gesti\u00f3n.<\/p>\n<p>Fausto Vallejo explic\u00f3 que siguiendo con su pol\u00edtica municipalista, se brindar\u00e1 todo el apoyo para la realizaci\u00f3n de los proyectos incluidos en el programa de obra convenida Estado-Municipio 2014.<\/p>\n","protected":false},"excerpt":{"rendered":"<p>El gobernador Fausto Vallejo Figueroa reconoci\u00f3 el buen ejercicio de gobierno del alcalde Gustavo Garibay Garc\u00eda y expres\u00f3 sus condolencias a familiares y amigos del extinto edil,\u00a0 principalmente a la ahora viuda, Gabriela Oseguera Guti\u00e9rrez. Acompa\u00f1ado por el secretario de Gobierno,\u00a0 Jes\u00fas Reyna Garc\u00eda; por el coordinador de Desarrollo Municipal, Jaime Mares Camarena; as\u00ed como [&hellip;]<\/p>\n","protected":false},"author":1,"featured_media":0,"comment_status":"open","ping_status":"open","sticky":false,"template":"","format":"standard","meta":{"footnotes":""},"categories":[14,3],"tags":[],"class_list":["post-6177","post","type-post","status-publish","format-standard","hentry","category-destacadas","category-gobierno-del-estado-de-michoacan"],"_links":{"self":[{"href":"https:\/\/radiowebmx.com\/nota\/wp-json\/wp\/v2\/posts\/6177","targetHints":{"allow":["GET"]}}],"collection":[{"href":"https:\/\/radiowebmx.com\/nota\/wp-json\/wp\/v2\/posts"}],"about":[{"href":"https:\/\/radiowebmx.com\/nota\/wp-json\/wp\/v2\/types\/post"}],"author":[{"embeddable":true,"href":"https:\/\/radiowebmx.com\/nota\/wp-json\/wp\/v2\/users\/1"}],"replies":[{"embeddable":true,"href":"https:\/\/radiowebmx.com\/nota\/wp-json\/wp\/v2\/comments?post=6177"}],"version-history":[{"count":2,"href":"https:\/\/radiowebmx.com\/nota\/wp-json\/wp\/v2\/posts\/6177\/revisions"}],"predecessor-version":[{"id":6180,"href":"https:\/\/radiowebmx.com\/nota\/wp-json\/wp\/v2\/posts\/6177\/revisions\/6180"}],"wp:attachment":[{"href":"https:\/\/radiowebmx.com\/nota\/wp-json\/wp\/v2\/media?parent=6177"}],"wp:term":[{"taxonomy":"category","embeddable":true,"href":"https:\/\/radiowebmx.com\/nota\/wp-json\/wp\/v2\/categories?post=6177"},{"taxonomy":"post_tag","embeddable":true,"href":"https:\/\/radiowebmx.com\/nota\/wp-json\/wp\/v2\/tags?post=6177"}],"curies":[{"name":"wp","href":"https:\/\/api.w.org\/{rel}","templated":true}]}}