{"id":6174,"date":"2014-03-24T10:56:48","date_gmt":"2014-03-24T16:56:48","guid":{"rendered":"https:\/\/radiowebmx.com\/nota\/?p=6174"},"modified":"2014-03-24T10:56:48","modified_gmt":"2014-03-24T16:56:48","slug":"24-de-marzo-dia-internacional-de-la-tuberculosis-2","status":"publish","type":"post","link":"https:\/\/radiowebmx.com\/nota\/24-de-marzo-dia-internacional-de-la-tuberculosis-2\/","title":{"rendered":"24 DE MARZO, D\u00cdA INTERNACIONAL DE LA TUBERCULOSIS"},"content":{"rendered":"<p>El pr\u00f3ximo 24 de marzo se celebra el D\u00eda Internacional de la Tuberculosis, para lo cual la Secretar\u00eda de Salud en Michoac\u00e1n realizar\u00e1 acciones preventivas para disminuir el riesgo de enfermar.<\/p>\n<p>&nbsp;<\/p>\n<p>Lo anterior se realiza, a trav\u00e9s de un diagn\u00f3stico y tratamiento efectivo, oportuno y de calidad a las poblaciones m\u00e1s vulnerables.<\/p>\n<p>&nbsp;<\/p>\n<p>De acuerdo a cifras proporcionadas por el departamento de epidemiologia de la SSM en lo que va del a\u00f1o se han registrado 48 casos de tuberculosis de los cuales no se registra ninguna defunci\u00f3n.<\/p>\n<p>&nbsp;<\/p>\n<p>En 2013 se registraron 269 casos de tuberculosis, problema de salud p\u00fablica viejo y permanente, se calcula que el 32 por ciento de la poblaci\u00f3n en todo el pa\u00eds ha tenido una infecci\u00f3n por tuberculosis y en el mundo se presenta aproximadamente de 8 a 10 millones de casos por a\u00f1o.<\/p>\n<p>&nbsp;<\/p>\n<p>Cada segundo una persona nueva est\u00e1 siendo infectada por tuberculosis en el \u00a0mundo, del 5 al 10 por ciento de los infectados desarrollan la enfermedad en alg\u00fan momento de sus vidas.<\/p>\n<p>&nbsp;<\/p>\n<p>Es importante mencionar que cada persona infectada que no es atendida en tiempo y forma o no se le proporcion\u00f3 un diagn\u00f3stico efectivo infecta entre 10 y 15 personas m\u00e1s en un a\u00f1o.<\/p>\n<p>&nbsp;<\/p>\n<p>Existe hasta un 50 por ciento de riesgo de desarrollar tuberculosis en personas que padecen VIH; y un 24 por ciento en pacientes con diabetes mellitus este padecimiento es curable y el tratamiento es gratuito para todos los derechohabientes.<\/p>\n<p>&nbsp;<\/p>\n<p>Alguna de la sintomatolog\u00eda es tos seca o con flemas por m\u00e1s de dos semanas, flemas con moco o rayadas con sangre, p\u00e9rdida de peso y fiebre, sudoraci\u00f3n\u00a0 y escalofr\u00edos.<\/p>\n","protected":false},"excerpt":{"rendered":"<p>El pr\u00f3ximo 24 de marzo se celebra el D\u00eda Internacional de la Tuberculosis, para lo cual la Secretar\u00eda de Salud en Michoac\u00e1n realizar\u00e1 acciones preventivas para disminuir el riesgo de enfermar.<\/p>\n","protected":false},"author":1,"featured_media":0,"comment_status":"open","ping_status":"open","sticky":false,"template":"","format":"standard","meta":{"footnotes":""},"categories":[14,3],"tags":[],"class_list":["post-6174","post","type-post","status-publish","format-standard","hentry","category-destacadas","category-gobierno-del-estado-de-michoacan"],"_links":{"self":[{"href":"https:\/\/radiowebmx.com\/nota\/wp-json\/wp\/v2\/posts\/6174","targetHints":{"allow":["GET"]}}],"collection":[{"href":"https:\/\/radiowebmx.com\/nota\/wp-json\/wp\/v2\/posts"}],"about":[{"href":"https:\/\/radiowebmx.com\/nota\/wp-json\/wp\/v2\/types\/post"}],"author":[{"embeddable":true,"href":"https:\/\/radiowebmx.com\/nota\/wp-json\/wp\/v2\/users\/1"}],"replies":[{"embeddable":true,"href":"https:\/\/radiowebmx.com\/nota\/wp-json\/wp\/v2\/comments?post=6174"}],"version-history":[{"count":2,"href":"https:\/\/radiowebmx.com\/nota\/wp-json\/wp\/v2\/posts\/6174\/revisions"}],"predecessor-version":[{"id":6176,"href":"https:\/\/radiowebmx.com\/nota\/wp-json\/wp\/v2\/posts\/6174\/revisions\/6176"}],"wp:attachment":[{"href":"https:\/\/radiowebmx.com\/nota\/wp-json\/wp\/v2\/media?parent=6174"}],"wp:term":[{"taxonomy":"category","embeddable":true,"href":"https:\/\/radiowebmx.com\/nota\/wp-json\/wp\/v2\/categories?post=6174"},{"taxonomy":"post_tag","embeddable":true,"href":"https:\/\/radiowebmx.com\/nota\/wp-json\/wp\/v2\/tags?post=6174"}],"curies":[{"name":"wp","href":"https:\/\/api.w.org\/{rel}","templated":true}]}}