{"id":617,"date":"2012-12-14T15:55:30","date_gmt":"2012-12-14T21:55:30","guid":{"rendered":"https:\/\/radiowebmx.com\/nota\/?p=617"},"modified":"2012-12-14T15:55:30","modified_gmt":"2012-12-14T21:55:30","slug":"lleva-gobierno-del-estado-colores-sones-y-sabores-de-michoacan-a-el-vaticano","status":"publish","type":"post","link":"https:\/\/radiowebmx.com\/nota\/lleva-gobierno-del-estado-colores-sones-y-sabores-de-michoacan-a-el-vaticano\/","title":{"rendered":"LLEVA GOBIERNO DEL ESTADO COLORES, SONES Y SABORES DE MICHOAC\u00c1N A EL VATICANO"},"content":{"rendered":"<p>El toque t\u00edpico de las diferentes regiones de Michoac\u00e1n, que hicieron merecedora a la gastronom\u00eda mexicana de la denominaci\u00f3n de Patrimonio Cultural Inmaterial de la Humanidad; las pirekuas que tambi\u00e9n conforman el legado de nuestros ancestros pur\u00e9pechas al mundo y el folclor caracter\u00edstico de nuestra entidad, forman parte de la muestra que la noche de este jueves se ofreci\u00f3 a cientos de visitantes en El Vaticano.<\/p>\n<p>Como parte del programa \u201cNavidad Mexicana en El Vaticano\u201d, que este a\u00f1o estuvo dedicado a Michoac\u00e1n y que presidi\u00f3 el gobernador Fausto Vallejo Figueroa, el gobernador de la ciudad de El Vaticano, Giuseppe Bertello y la comitiva oficial del gobierno michoacano, se ofreci\u00f3 una recepci\u00f3n a las autoridades de esta ciudad italiana, as\u00ed como a representantes de los gobiernos de diversos pa\u00edses y turistas en general, quienes con agrado participaron inclusive de los juegos t\u00edpicos, bailes y muestras, para dejarse envolver por parte del ambiente de esta entidad que es considerada \u201cel alma de M\u00e9xico\u201d.<\/p>\n<p>Ante cerca de mil personas, Giuseppe Bertello felicit\u00f3 la creatividad y entusiasmo de los artesanos michoacanos por crear las magn\u00edficas piezas que conforman los dos nacimientos de pasta de ca\u00f1a y cera, adem\u00e1s de las artesan\u00edas de los dos \u00e1rboles navide\u00f1os, que adornan el Aula Paulo XVI y los museos de El Vaticano.<\/p>\n<p>El representante del Estado Vaticano, extern\u00f3 en el mismo sentido que con esta exhibici\u00f3n se demuestra el \u201cgran trabajo\u201d, que har\u00e1 que Michoac\u00e1n sea conocido en todo el mundo.<\/p>\n<p>En la recepci\u00f3n se cont\u00f3 con la intervenci\u00f3n del Grupo Erandi de m\u00fasica tradicional pur\u00e9pecha, que ameniz\u00f3 la velada junto con algunos integrantes del ballet folcl\u00f3rico Corcovi, quienes portaron los trajes t\u00edpicos de las diferentes regiones de Michoac\u00e1n.<\/p>\n<p>Los asistentes pudieron degustar platillos tradicionales como charales, elotitos, cecina de tierra caliente, mole de queso, mole de conejo y cochinita, as\u00ed como mezcal.<\/p>\n<p>La recepci\u00f3n congreg\u00f3 adem\u00e1s de la comunidad mexicana de Roma, a embajadores, funcionarios, cardenales, obispos, sacerdotes y religiosos.<\/p>\n<p>&nbsp;<\/p>\n","protected":false},"excerpt":{"rendered":"<p>El toque t\u00edpico de las diferentes regiones de Michoac\u00e1n, que hicieron merecedora a la gastronom\u00eda mexicana de la denominaci\u00f3n de Patrimonio Cultural Inmaterial de la Humanidad; las pirekuas que tambi\u00e9n conforman el legado de nuestros ancestros pur\u00e9pechas al mundo y el folclor caracter\u00edstico de nuestra entidad, forman parte de la muestra que la noche de [&hellip;]<\/p>\n","protected":false},"author":1,"featured_media":0,"comment_status":"open","ping_status":"open","sticky":false,"template":"","format":"standard","meta":{"footnotes":""},"categories":[3],"tags":[],"class_list":["post-617","post","type-post","status-publish","format-standard","hentry","category-gobierno-del-estado-de-michoacan"],"_links":{"self":[{"href":"https:\/\/radiowebmx.com\/nota\/wp-json\/wp\/v2\/posts\/617","targetHints":{"allow":["GET"]}}],"collection":[{"href":"https:\/\/radiowebmx.com\/nota\/wp-json\/wp\/v2\/posts"}],"about":[{"href":"https:\/\/radiowebmx.com\/nota\/wp-json\/wp\/v2\/types\/post"}],"author":[{"embeddable":true,"href":"https:\/\/radiowebmx.com\/nota\/wp-json\/wp\/v2\/users\/1"}],"replies":[{"embeddable":true,"href":"https:\/\/radiowebmx.com\/nota\/wp-json\/wp\/v2\/comments?post=617"}],"version-history":[{"count":1,"href":"https:\/\/radiowebmx.com\/nota\/wp-json\/wp\/v2\/posts\/617\/revisions"}],"predecessor-version":[{"id":618,"href":"https:\/\/radiowebmx.com\/nota\/wp-json\/wp\/v2\/posts\/617\/revisions\/618"}],"wp:attachment":[{"href":"https:\/\/radiowebmx.com\/nota\/wp-json\/wp\/v2\/media?parent=617"}],"wp:term":[{"taxonomy":"category","embeddable":true,"href":"https:\/\/radiowebmx.com\/nota\/wp-json\/wp\/v2\/categories?post=617"},{"taxonomy":"post_tag","embeddable":true,"href":"https:\/\/radiowebmx.com\/nota\/wp-json\/wp\/v2\/tags?post=617"}],"curies":[{"name":"wp","href":"https:\/\/api.w.org\/{rel}","templated":true}]}}