{"id":6157,"date":"2014-03-21T16:01:40","date_gmt":"2014-03-21T22:01:40","guid":{"rendered":"https:\/\/radiowebmx.com\/nota\/?p=6157"},"modified":"2014-03-21T16:01:40","modified_gmt":"2014-03-21T22:01:40","slug":"proam-realiza-operativo-para-identificar-vehiculos-ostensiblementecontaminantes","status":"publish","type":"post","link":"https:\/\/radiowebmx.com\/nota\/proam-realiza-operativo-para-identificar-vehiculos-ostensiblementecontaminantes\/","title":{"rendered":"PROAM REALIZA OPERATIVO PARA IDENTIFICAR VEH\u00cdCULOS OSTENSIBLEMENTECONTAMINANTES"},"content":{"rendered":"<p><a href=\"https:\/\/radiowebmx.com\/nota\/wp-content\/uploads\/2014\/03\/Monitoreo-Ostensible-2.jpg\"><img loading=\"lazy\" decoding=\"async\" class=\"alignleft size-full wp-image-6158\" alt=\"Monitoreo Ostensible (2)\" src=\"https:\/\/radiowebmx.com\/nota\/wp-content\/uploads\/2014\/03\/Monitoreo-Ostensible-2.jpg\" width=\"591\" height=\"287\" \/><\/a><br \/>\nComo parte del programa de Monitoreo a Veh\u00edculos Ostensiblemente Contaminantes que implementa la Procuradur\u00eda de Protecci\u00f3n al Ambiente (ProAm), se llev\u00f3 a cabo un operativo en la tenencia de Jes\u00fas del Monte, donde fueron identificados nueve veh\u00edculos con evidentes signos de contaminar.<\/p>\n<p>El personal de la Procuradur\u00eda, en compa\u00f1\u00eda de elementos de tr\u00e1nsito, realiz\u00f3 el monitoreo de los veh\u00edculos y a su vez indic\u00f3 a los propietarios los resultados de la prueba; cuando la verificaci\u00f3n marca \u201crechazado\u201d, el propietario tiene la obligaci\u00f3n realizar la afinaci\u00f3n de su veh\u00edculo en el taller mec\u00e1nico de su confianza, esto antes de 25 d\u00edas, de lo contrario se har\u00e1 acreedor a una multa.<\/p>\n<p>En el operativo realizado la ma\u00f1ana de este viernes, nueve veh\u00edculos fueron identificados como ostensiblemente contaminantes; entre \u00e9stos se encontraron un cami\u00f3n de carga, cinco veh\u00edculos particulares, un veh\u00edculo comercial y dos de servicio p\u00fablico.<\/p>\n<p>La acci\u00f3n se realiza los d\u00edas martes, mi\u00e9rcoles y jueves, en distintos puntos estrat\u00e9gicos de la ciudad, con la finalidad de ubicar a los veh\u00edculos que arrojen humo negro o azul, mismos que son altamente contaminantes para el medio ambiente.<\/p>\n<p>Cabe recordar que los alumnos del plantel Conalep Morelia I, ubicado en la Avenida Ciudad Industrial, No. 535, dan atenci\u00f3n gratuita a veh\u00edculos, siempre que el propietario del automotor facilit\u00e9 las piezas necesarias para su compostura; el horario es de 14:00 a 18:00 horas de lunes a viernes, como parte del Proyecto de Reparaci\u00f3n Asistida de Veh\u00edculos Contaminantes con esa instituci\u00f3n.<\/p>\n<p>&nbsp;<\/p>\n","protected":false},"excerpt":{"rendered":"<p>Como parte del programa de Monitoreo a Veh\u00edculos Ostensiblemente Contaminantes que implementa la Procuradur\u00eda de Protecci\u00f3n al Ambiente (ProAm), se llev\u00f3 a cabo un operativo en la tenencia de Jes\u00fas del Monte, donde fueron identificados nueve veh\u00edculos con evidentes signos de contaminar.<\/p>\n","protected":false},"author":1,"featured_media":0,"comment_status":"open","ping_status":"open","sticky":false,"template":"","format":"standard","meta":{"footnotes":""},"categories":[14,3],"tags":[],"class_list":["post-6157","post","type-post","status-publish","format-standard","hentry","category-destacadas","category-gobierno-del-estado-de-michoacan"],"_links":{"self":[{"href":"https:\/\/radiowebmx.com\/nota\/wp-json\/wp\/v2\/posts\/6157","targetHints":{"allow":["GET"]}}],"collection":[{"href":"https:\/\/radiowebmx.com\/nota\/wp-json\/wp\/v2\/posts"}],"about":[{"href":"https:\/\/radiowebmx.com\/nota\/wp-json\/wp\/v2\/types\/post"}],"author":[{"embeddable":true,"href":"https:\/\/radiowebmx.com\/nota\/wp-json\/wp\/v2\/users\/1"}],"replies":[{"embeddable":true,"href":"https:\/\/radiowebmx.com\/nota\/wp-json\/wp\/v2\/comments?post=6157"}],"version-history":[{"count":1,"href":"https:\/\/radiowebmx.com\/nota\/wp-json\/wp\/v2\/posts\/6157\/revisions"}],"predecessor-version":[{"id":6159,"href":"https:\/\/radiowebmx.com\/nota\/wp-json\/wp\/v2\/posts\/6157\/revisions\/6159"}],"wp:attachment":[{"href":"https:\/\/radiowebmx.com\/nota\/wp-json\/wp\/v2\/media?parent=6157"}],"wp:term":[{"taxonomy":"category","embeddable":true,"href":"https:\/\/radiowebmx.com\/nota\/wp-json\/wp\/v2\/categories?post=6157"},{"taxonomy":"post_tag","embeddable":true,"href":"https:\/\/radiowebmx.com\/nota\/wp-json\/wp\/v2\/tags?post=6157"}],"curies":[{"name":"wp","href":"https:\/\/api.w.org\/{rel}","templated":true}]}}