{"id":6148,"date":"2014-03-21T15:42:38","date_gmt":"2014-03-21T21:42:38","guid":{"rendered":"https:\/\/radiowebmx.com\/nota\/?p=6148"},"modified":"2014-03-21T15:42:38","modified_gmt":"2014-03-21T21:42:38","slug":"pan-arranca-su-estrategia-pre-electoral-con-la-instalacion-de-mesas-politicas","status":"publish","type":"post","link":"https:\/\/radiowebmx.com\/nota\/pan-arranca-su-estrategia-pre-electoral-con-la-instalacion-de-mesas-politicas\/","title":{"rendered":"PAN arranca su estrategia pre-electoral con la instalaci\u00f3n de Mesas Pol\u00edticas"},"content":{"rendered":"<p><a href=\"https:\/\/radiowebmx.com\/nota\/wp-content\/uploads\/2014\/03\/Instalacion-de-Mesa-politica-1.jpg\"><img loading=\"lazy\" decoding=\"async\" class=\"alignleft size-full wp-image-6149\" alt=\"Instalacion de Mesa politica (1)\" src=\"https:\/\/radiowebmx.com\/nota\/wp-content\/uploads\/2014\/03\/Instalacion-de-Mesa-politica-1.jpg\" width=\"591\" height=\"292\" \/><\/a>Refrendando as\u00ed que mientras el 2013 fue el a\u00f1o del fortalecimiento de las estructuras del blanquiazul en Michoac\u00e1n, en el 2014 el Partido Acci\u00f3n Nacional (PAN) entra con fuerza a una etapa estrat\u00e9gica pre-electoral, el presidente estatal de este instituto pol\u00edtico, Miguel \u00c1ngel Ch\u00e1vez Zavala, dio el arranque formal a la instalaci\u00f3n de las Mesas Pol\u00edtico Electorales, las cuales llegar\u00e1n a 76 municipios durante los meses de marzo y abril.<\/p>\n<p>&nbsp;<\/p>\n<p>Dicho esfuerzo, se\u00f1al\u00f3 el dirigente albiazul, se realiza en coordinaci\u00f3n con las estructuras municipales con el objetivo de establecer un espacio de di\u00e1logo y concertaci\u00f3n en torno a las acciones panistas de cara a los procesos electorales del 2015, usando como principal herramienta una intensa cercan\u00eda con los ciudadanos de cada comunidad, municipio y ciudad del estado.<\/p>\n<p>&nbsp;<\/p>\n<p>Tras agradecer la presencia del alcalde Alejandro Tejeda L\u00f3pez, del presidente y Secretario General del Comit\u00e9 Directivo Municipal, Francisco Rodr\u00edguez Ordaz y Adalberto Sanhua Fern\u00e1ndez, respectivamente, as\u00ed como a la regidora Lorena Guti\u00e9rrez Orozco, el dirigente estatal del PAN explic\u00f3 que la instalaci\u00f3n de estas Mesas Pol\u00edticas inicia en Zacapu, para posteriormente llegar a los municipios de las regiones de Oriente y Tierra Caliente, las cuales ser\u00e1n la arena para la construcci\u00f3n de acuerdos que les permitan identificar a los mejores perfiles que representar\u00e1n al PAN como candidatos en los diferentes cargos de elecci\u00f3n que estar\u00e1n en juego en el 2015.<\/p>\n<p>&nbsp;<\/p>\n<p>Asimismo, apunt\u00f3 que estas Mesas Pol\u00edticas adem\u00e1s ser\u00e1n un medio para la reflexi\u00f3n y la b\u00fasqueda de mecanismos que permitan llevar al m\u00e1ximo desarrollo las fortalezas en el\u00a0 funcionamiento de las administraciones municipales emanadas de Acci\u00f3n Nacional \u201cpara tener el derecho a refrendar la confianza de los ciudadanos con nuestros gobiernos que desde el principio han demostrado ser distinguidas y distinguibles\u201d.<\/p>\n<p>&nbsp;<\/p>\n<p>De igual forma, el dirigente consider\u00f3 que el PAN est\u00e1 fuerte no s\u00f3lo al interior sino tambi\u00e9n al exterior a trav\u00e9s de un reencuentro con la sociedad, \u201cdonde el blanquiazul brindar\u00e1 apoyo tambi\u00e9n a candidaturas ciudadanas en solidaridad y v\u00ednculo a los or\u00edgenes de este instituto pol\u00edtico como un instrumento democr\u00e1tico en manos de los ciudadanos, forjando en 2015 una amalgama entre los cuadros formados en Acci\u00f3n Nacional que representen dignamente al partido, a la par de aquellos destacados l\u00edderes de la sociedad que est\u00e9n interesados en participar en pol\u00edtica, y as\u00ed garantizaremos que tendremos una amplia participaci\u00f3n en los 113 municipios de Michoac\u00e1n\u201d.<\/p>\n<p>&nbsp;<\/p>\n<p>Profundizando en el tema, el secretario de Elecciones del Comit\u00e9 Directivo Estatal, Netzahualc\u00f3yotl V\u00e1zquez Vargas, puntualiz\u00f3 que en las Mesas Pol\u00edticas estar\u00e1n representados los principales liderazgos regionales y locales, funcionarios municipales, legisladores as\u00ed como los militantes y ciudadanos que tengan un deseo leg\u00edtimo de participar en los pr\u00f3ximos comicios, para tener un an\u00e1lisis y una revisi\u00f3n minuciosa de las opciones a candidatos de Acci\u00f3n Nacional.<\/p>\n<p>&nbsp;<\/p>\n<p>Detall\u00f3 que estos 76 municipios elegidos para la instalaci\u00f3n de las Mesas Pol\u00edticas representan 90 por ciento del listado nominal en la entidad, \u201clo que nos permitir\u00e1 llegar al pr\u00f3ximo proceso electoral en las mejores condiciones, pues los trabajos preelectorales del 2014 tambi\u00e9n se acompa\u00f1ar\u00e1n con el fortalecimiento a estructuras electorales, que contemplan entre otras acciones, la integraci\u00f3n de un ej\u00e9rcito electoral conformado por 30 mil panistas para ejercer como representantes de casillas\u201d.<\/p>\n<p>&nbsp;<\/p>\n<p>Cabe mencionar que en la visita del presidente panista y del secretario de Elecciones a Zacapu, luego de la instalaci\u00f3n y sesi\u00f3n de la Mesa Pol\u00edtico Electoral, tuvo lugar un encuentro con gran n\u00famero de militantes en el Comit\u00e9 Directivo Municipal, en donde se reiter\u00f3 que en la din\u00e1mica interna preelectoral en este municipio y a lo largo de la geograf\u00eda michoacana, el PAN ser\u00e1 competitivo en las urnas con un blindaje de genuina unidad entre las filas panistas.<\/p>\n","protected":false},"excerpt":{"rendered":"<p>Refrendando as\u00ed que mientras el 2013 fue el a\u00f1o del fortalecimiento de las estructuras del blanquiazul en Michoac\u00e1n, en el 2014 el Partido Acci\u00f3n Nacional (PAN) entra con fuerza a una etapa estrat\u00e9gica pre-electoral, el presidente estatal de este instituto pol\u00edtico, Miguel \u00c1ngel Ch\u00e1vez Zavala, dio el arranque formal a la instalaci\u00f3n de las Mesas Pol\u00edtico Electorales,<\/p>\n","protected":false},"author":1,"featured_media":0,"comment_status":"open","ping_status":"open","sticky":false,"template":"","format":"standard","meta":{"footnotes":""},"categories":[6,14,8],"tags":[],"class_list":["post-6148","post","type-post","status-publish","format-standard","hentry","category-congreso-del-estado","category-destacadas","category-grupo-parlamentario-del-pan"],"_links":{"self":[{"href":"https:\/\/radiowebmx.com\/nota\/wp-json\/wp\/v2\/posts\/6148","targetHints":{"allow":["GET"]}}],"collection":[{"href":"https:\/\/radiowebmx.com\/nota\/wp-json\/wp\/v2\/posts"}],"about":[{"href":"https:\/\/radiowebmx.com\/nota\/wp-json\/wp\/v2\/types\/post"}],"author":[{"embeddable":true,"href":"https:\/\/radiowebmx.com\/nota\/wp-json\/wp\/v2\/users\/1"}],"replies":[{"embeddable":true,"href":"https:\/\/radiowebmx.com\/nota\/wp-json\/wp\/v2\/comments?post=6148"}],"version-history":[{"count":2,"href":"https:\/\/radiowebmx.com\/nota\/wp-json\/wp\/v2\/posts\/6148\/revisions"}],"predecessor-version":[{"id":6151,"href":"https:\/\/radiowebmx.com\/nota\/wp-json\/wp\/v2\/posts\/6148\/revisions\/6151"}],"wp:attachment":[{"href":"https:\/\/radiowebmx.com\/nota\/wp-json\/wp\/v2\/media?parent=6148"}],"wp:term":[{"taxonomy":"category","embeddable":true,"href":"https:\/\/radiowebmx.com\/nota\/wp-json\/wp\/v2\/categories?post=6148"},{"taxonomy":"post_tag","embeddable":true,"href":"https:\/\/radiowebmx.com\/nota\/wp-json\/wp\/v2\/tags?post=6148"}],"curies":[{"name":"wp","href":"https:\/\/api.w.org\/{rel}","templated":true}]}}