{"id":61364,"date":"2019-02-26T19:22:53","date_gmt":"2019-02-27T01:22:53","guid":{"rendered":"https:\/\/radiowebmx.com\/nota\/?p=61364"},"modified":"2019-02-26T19:22:53","modified_gmt":"2019-02-27T01:22:53","slug":"urge-claridad-en-postura-federal-sobe-recortes-a-sector-educativo-tony-martinez","status":"publish","type":"post","link":"https:\/\/radiowebmx.com\/nota\/urge-claridad-en-postura-federal-sobe-recortes-a-sector-educativo-tony-martinez\/","title":{"rendered":"Urge claridad en postura federal sobe recortes a sector educativo: Tony Mart\u00ednez"},"content":{"rendered":"<ul>\n<li>Viabilidad financiera y la certeza presupuestal no deben sujetarse a pol\u00edticas de especulaci\u00f3n<\/li>\n<\/ul>\n<div>\nEs urgente que el Gobierno Federal clarifique su postura en torno a la problem\u00e1tica que se avecina en el sector educativo por los recortes aplicados a este rubro, recalc\u00f3 el diputado Norberto Antonio Mart\u00ednez Soto, presidente de la Comisi\u00f3n de Programaci\u00f3n, Presupuesto y Cuenta P\u00fablica en la LXXIV Legislatura del Congreso del Estado.<\/p>\n<p>El legislador de extracci\u00f3n perredista apunt\u00f3 que pese a la problem\u00e1tica educativa que se registr\u00f3 en Michoac\u00e1n en la recta inicial de 2019, a\u00fan est\u00e1n por venir m\u00e1s efectos adversos por el castigo que la federaci\u00f3n ha aplicado al sector educativo.<\/p>\n<p>\u201cAhora se da una nueva alerta desde la Secretar\u00eda de Educaci\u00f3n del Estado por el recorte de tres mil millones de pesos aplicado por la Secretar\u00eda de Hacienda y Cr\u00e9dito P\u00fablico a la educaci\u00f3n media superior, lo que augura colapso en los subsistemas\u201d.<\/p>\n<p>Tony Mart\u00ednez Soto consider\u00f3 que la viabilidad financiera y la certeza presupuestal no deben sujetarse a pol\u00edticas de especulaci\u00f3n para colapsar a gobiernos no afines al Federal, ya que el inter\u00e9s p\u00fablico se convierte en reh\u00e9n, y la poblaci\u00f3n es una vez m\u00e1s la m\u00e1s afectada.<\/p>\n<p>\u201cSe hizo un planteamiento a la Federaci\u00f3n en tiempo sobre la problem\u00e1tica educativa en Michoac\u00e1n, para que se federalice la n\u00f3mina, no hay claridad a\u00fan al respecto sobre la respuesta, y ahora encima se dar\u00e1 el recorte a la educaci\u00f3n media superior\u201d.<\/p>\n<p>El legislador subray\u00f3 la Comisi\u00f3n de Programaci\u00f3n, Presupuesto y Cuenta P\u00fablica est\u00e1 lista para el trabajo de an\u00e1lisis de la propuesta de reestructuraci\u00f3n presupuestal que el Ejecutivo del Estado pueda turnar al Congreso frente a los recortes presupuestales que Michoac\u00e1n ha venido padeciendo este a\u00f1o por parte del Gobierno Federal.<\/p>\n<p>En ese contexto, sostuvo la necesidad de establecer las rutas para la soluci\u00f3n del problema estructural que se vive para el financiamiento del problema educativo, pues \u00e9ste compromete las posibilidades de crecimiento econ\u00f3mico, atenci\u00f3n a la infraestructura b\u00e1sica y a la poblaci\u00f3n en situaci\u00f3n de vulnerabilidad.<\/p><\/div>\n","protected":false},"excerpt":{"rendered":"<p>Viabilidad financiera y la certeza presupuestal no deben sujetarse a pol\u00edticas de especulaci\u00f3n Es urgente que el Gobierno Federal clarifique su postura en torno a la problem\u00e1tica que se avecina en el sector educativo por los recortes aplicados a este rubro, recalc\u00f3 el diputado Norberto Antonio Mart\u00ednez Soto, presidente de la Comisi\u00f3n de Programaci\u00f3n, Presupuesto [&hellip;]<\/p>\n","protected":false},"author":2,"featured_media":61365,"comment_status":"closed","ping_status":"closed","sticky":false,"template":"","format":"standard","meta":{"footnotes":""},"categories":[6],"tags":[],"class_list":["post-61364","post","type-post","status-publish","format-standard","has-post-thumbnail","hentry","category-congreso-del-estado"],"_links":{"self":[{"href":"https:\/\/radiowebmx.com\/nota\/wp-json\/wp\/v2\/posts\/61364","targetHints":{"allow":["GET"]}}],"collection":[{"href":"https:\/\/radiowebmx.com\/nota\/wp-json\/wp\/v2\/posts"}],"about":[{"href":"https:\/\/radiowebmx.com\/nota\/wp-json\/wp\/v2\/types\/post"}],"author":[{"embeddable":true,"href":"https:\/\/radiowebmx.com\/nota\/wp-json\/wp\/v2\/users\/2"}],"replies":[{"embeddable":true,"href":"https:\/\/radiowebmx.com\/nota\/wp-json\/wp\/v2\/comments?post=61364"}],"version-history":[{"count":1,"href":"https:\/\/radiowebmx.com\/nota\/wp-json\/wp\/v2\/posts\/61364\/revisions"}],"predecessor-version":[{"id":61366,"href":"https:\/\/radiowebmx.com\/nota\/wp-json\/wp\/v2\/posts\/61364\/revisions\/61366"}],"wp:featuredmedia":[{"embeddable":true,"href":"https:\/\/radiowebmx.com\/nota\/wp-json\/wp\/v2\/media\/61365"}],"wp:attachment":[{"href":"https:\/\/radiowebmx.com\/nota\/wp-json\/wp\/v2\/media?parent=61364"}],"wp:term":[{"taxonomy":"category","embeddable":true,"href":"https:\/\/radiowebmx.com\/nota\/wp-json\/wp\/v2\/categories?post=61364"},{"taxonomy":"post_tag","embeddable":true,"href":"https:\/\/radiowebmx.com\/nota\/wp-json\/wp\/v2\/tags?post=61364"}],"curies":[{"name":"wp","href":"https:\/\/api.w.org\/{rel}","templated":true}]}}