{"id":61268,"date":"2019-02-22T19:10:20","date_gmt":"2019-02-23T01:10:20","guid":{"rendered":"https:\/\/radiowebmx.com\/nota\/?p=61268"},"modified":"2019-02-22T19:10:20","modified_gmt":"2019-02-23T01:10:20","slug":"prioridad-que-derechos-de-los-jovenes-se-blinden-desde-la-ley-lupillo-aguilera","status":"publish","type":"post","link":"https:\/\/radiowebmx.com\/nota\/prioridad-que-derechos-de-los-jovenes-se-blinden-desde-la-ley-lupillo-aguilera\/","title":{"rendered":"Prioridad que derechos de los j\u00f3venes se  blinden desde la ley: Lupillo Aguilera"},"content":{"rendered":"<p class=\"x_MsoNormal\">En nuestro pa\u00eds existen 30.6 millones de mexicanos que son j\u00f3venes entre los 15 y 29 a\u00f1os, por lo que resulta una prioridad nacional que sean blindados sus derechos desde la propia ley, para que \u00e9stos se hagan realmente efectivos y se genere su desarrollo y crecimiento, subray\u00f3 el diputado federal Jos\u00e9 Guadalupe Aguilera Rojas, durante la visita de los alumnos de la Universidad Privada de Michoac\u00e1n ubicada en el municipio de P\u00e1tzcuaro, al Congreso de la Uni\u00f3n, con quienes realiz\u00f3 un recorrido por las instalaciones de la C\u00e1mara.<\/p>\n<p class=\"x_MsoNormal\">Durante la visita de los estudiantes, el legislador michoacano refrend\u00f3 su compromiso de apoyarlos e impulsar acciones legislativas para que desde la ley se establezcan pol\u00edticas p\u00fablicas transversales que garanticen los derechos de los j\u00f3venes, con un enfoque de inclusi\u00f3n social.<\/p>\n<p class=\"x_MsoNormal\">Tras escuchar las inquietudes de los participantes, el diputado federal por el Distrito de P\u00e1tzcuaro, se pronunci\u00f3 por hacer un frente para garantizar que las pol\u00edticas p\u00fablicas para los j\u00f3venes sean efectivas, buscando entre otras medidas recuperar los espacios p\u00fablicos para crear entornos seguros de convivencia, con medidas de inclusi\u00f3n y atenci\u00f3n para quienes viven en contextos y entornos de violencia.<\/p>\n<p class=\"x_MsoNormal\">Desde el Grupo Parlamentario del PRD en el Congreso de la Uni\u00f3n puntualiz\u00f3 se trabaja para presentar propuestas legislativas con el fin de garantizar por ley que se establezcan pol\u00edticas p\u00fablicas transversales que garanticen los derechos de los j\u00f3venes; \u201ctenemos que lograr que exista un enfoque de juventud en las pol\u00edticas p\u00fablicas e impulsar la participaci\u00f3n de los j\u00f3venes en el dise\u00f1o, instrumentaci\u00f3n y evaluaci\u00f3n de \u00e9stas\u201d.<\/p>\n<p class=\"x_MsoNormal\">\u201cUna de las principales preocupaciones de los padres de familia es no tener como garantizarle a sus hijos el acceso a la educaci\u00f3n y la capacitaci\u00f3n, como la alimentaci\u00f3n, por eso como diputado federal una de mi prioridades es promover acciones que contribuyan a su desarrollo, e impulsar mecanismos de inserci\u00f3n laboral, econ\u00f3mica, pol\u00edtica social para su desarrollo\u201d.<\/p>\n<p class=\"x_MsoNormal\">Durante la visita de los estudiantes de la UPM, Lupillo Aguilera respondi\u00f3 las preguntas de los j\u00f3venes y personal de la instituci\u00f3n que visitaron el Congreso de la Uni\u00f3n, ante quienes resalt\u00f3 que para \u00e9l es fundamental mantener contacto directo y en todo momento con la poblaci\u00f3n, con la finalidad de enriquecer y fortalecer el trabajo legislativo.<\/p>\n","protected":false},"excerpt":{"rendered":"<p>En nuestro pa\u00eds existen 30.6 millones de mexicanos que son j\u00f3venes entre los 15 y 29 a\u00f1os, por lo que resulta una prioridad nacional que sean blindados sus derechos desde la propia ley, para que \u00e9stos se hagan realmente efectivos y se genere su desarrollo y crecimiento, subray\u00f3 el diputado federal Jos\u00e9 Guadalupe Aguilera Rojas, [&hellip;]<\/p>\n","protected":false},"author":2,"featured_media":61269,"comment_status":"closed","ping_status":"closed","sticky":false,"template":"","format":"standard","meta":{"footnotes":""},"categories":[6],"tags":[],"class_list":["post-61268","post","type-post","status-publish","format-standard","has-post-thumbnail","hentry","category-congreso-del-estado"],"_links":{"self":[{"href":"https:\/\/radiowebmx.com\/nota\/wp-json\/wp\/v2\/posts\/61268","targetHints":{"allow":["GET"]}}],"collection":[{"href":"https:\/\/radiowebmx.com\/nota\/wp-json\/wp\/v2\/posts"}],"about":[{"href":"https:\/\/radiowebmx.com\/nota\/wp-json\/wp\/v2\/types\/post"}],"author":[{"embeddable":true,"href":"https:\/\/radiowebmx.com\/nota\/wp-json\/wp\/v2\/users\/2"}],"replies":[{"embeddable":true,"href":"https:\/\/radiowebmx.com\/nota\/wp-json\/wp\/v2\/comments?post=61268"}],"version-history":[{"count":1,"href":"https:\/\/radiowebmx.com\/nota\/wp-json\/wp\/v2\/posts\/61268\/revisions"}],"predecessor-version":[{"id":61270,"href":"https:\/\/radiowebmx.com\/nota\/wp-json\/wp\/v2\/posts\/61268\/revisions\/61270"}],"wp:featuredmedia":[{"embeddable":true,"href":"https:\/\/radiowebmx.com\/nota\/wp-json\/wp\/v2\/media\/61269"}],"wp:attachment":[{"href":"https:\/\/radiowebmx.com\/nota\/wp-json\/wp\/v2\/media?parent=61268"}],"wp:term":[{"taxonomy":"category","embeddable":true,"href":"https:\/\/radiowebmx.com\/nota\/wp-json\/wp\/v2\/categories?post=61268"},{"taxonomy":"post_tag","embeddable":true,"href":"https:\/\/radiowebmx.com\/nota\/wp-json\/wp\/v2\/tags?post=61268"}],"curies":[{"name":"wp","href":"https:\/\/api.w.org\/{rel}","templated":true}]}}