{"id":61265,"date":"2019-02-22T19:08:59","date_gmt":"2019-02-23T01:08:59","guid":{"rendered":"https:\/\/radiowebmx.com\/nota\/?p=61265"},"modified":"2019-02-22T19:08:59","modified_gmt":"2019-02-23T01:08:59","slug":"la-coalicion-morena-pt-se-fortalecen","status":"publish","type":"post","link":"https:\/\/radiowebmx.com\/nota\/la-coalicion-morena-pt-se-fortalecen\/","title":{"rendered":"La coalici\u00f3n Morena, PT se fortalecen"},"content":{"rendered":"<ul type=\"disc\">\n<li class=\"x_MsoNormal\"><strong><i>Los 3 diputados independientes, se suman para conformar la Alianza por la 4ta Transformaci\u00f3n<\/i><\/strong><\/li>\n<\/ul>\n<p class=\"x_MsoNormal\"><strong><i>\u00a0<\/i><\/strong><\/p>\n<p class=\"x_MsoNormal\"><b>Morelia; Michoac\u00e1n, 21 de febrero de 2019.-<\/b>\u00a0Qued\u00f3 conformada en el Congreso del Estado de Michoac\u00e1n, la Alianza por la Cuarta Transformaci\u00f3n, misma que queda integrada por los diputados integrantes de las fracciones parlamentarias, de MORENA y PT, los diputados, Humberto Gonz\u00e1lez Villag\u00f3mez, Miriam Tinoco Soto y Erik Ju\u00e1rez Blanquet, que en d\u00edas pasados se declararon independientes del Partido al que pertenec\u00edan.<\/p>\n<p class=\"x_MsoNormal\">\n<p class=\"x_MsoNormal\">As\u00ed lo declar\u00f3 la diputada por el Distrito XXIII, Sandra Luz Valencia, al ser entrevistada en el Palacio Legislativo al t\u00e9rmino de la rueda de prensa, convocada para dar a conocer esta nueva conformaci\u00f3n de fuerzas legislativas, al interior del Congreso local, con el nombre de &#8220;Alianza por la Cuarta Transformaci\u00f3n&#8221;.<\/p>\n<p class=\"x_MsoNormal\">\n<p class=\"x_MsoNormal\">Agreg\u00f3, que el objetivo de la Alianza, ser\u00e1 la de trabajar agendas legislativas conjuntas y defender los intereses del pueblo de Michoac\u00e1n y a nivel nacional, impulsar todas las iniciativas de ley, las reformas constitucionales, los proyectos y programas Federales para bienestar de las familias Michoacanas.<\/p>\n<p class=\"x_MsoNormal\">\n<p class=\"x_MsoNormal\">La legisladora agradeci\u00f3 la adhesi\u00f3n de los 3 diputados comentando: \u201cQuien gana con esta Alianza, es el pueblo de Michoac\u00e1n&#8221;.<\/p>\n<p class=\"x_MsoNormal\">\n<p class=\"x_MsoNormal\">Referente al tema de los aspirantes a la Fiscal\u00eda, coment\u00f3 que ma\u00f1ana viernes habr\u00e1 una Sesi\u00f3n extraordinaria, para dar a conocer los nombres de los 10 aspirantes a ocupar el cargo de Fiscal General del Estado.<\/p>\n","protected":false},"excerpt":{"rendered":"<p>Los 3 diputados independientes, se suman para conformar la Alianza por la 4ta Transformaci\u00f3n \u00a0 Morelia; Michoac\u00e1n, 21 de febrero de 2019.-\u00a0Qued\u00f3 conformada en el Congreso del Estado de Michoac\u00e1n, la Alianza por la Cuarta Transformaci\u00f3n, misma que queda integrada por los diputados integrantes de las fracciones parlamentarias, de MORENA y PT, los diputados, Humberto [&hellip;]<\/p>\n","protected":false},"author":2,"featured_media":61266,"comment_status":"closed","ping_status":"closed","sticky":false,"template":"","format":"standard","meta":{"footnotes":""},"categories":[6],"tags":[],"class_list":["post-61265","post","type-post","status-publish","format-standard","has-post-thumbnail","hentry","category-congreso-del-estado"],"_links":{"self":[{"href":"https:\/\/radiowebmx.com\/nota\/wp-json\/wp\/v2\/posts\/61265","targetHints":{"allow":["GET"]}}],"collection":[{"href":"https:\/\/radiowebmx.com\/nota\/wp-json\/wp\/v2\/posts"}],"about":[{"href":"https:\/\/radiowebmx.com\/nota\/wp-json\/wp\/v2\/types\/post"}],"author":[{"embeddable":true,"href":"https:\/\/radiowebmx.com\/nota\/wp-json\/wp\/v2\/users\/2"}],"replies":[{"embeddable":true,"href":"https:\/\/radiowebmx.com\/nota\/wp-json\/wp\/v2\/comments?post=61265"}],"version-history":[{"count":1,"href":"https:\/\/radiowebmx.com\/nota\/wp-json\/wp\/v2\/posts\/61265\/revisions"}],"predecessor-version":[{"id":61267,"href":"https:\/\/radiowebmx.com\/nota\/wp-json\/wp\/v2\/posts\/61265\/revisions\/61267"}],"wp:featuredmedia":[{"embeddable":true,"href":"https:\/\/radiowebmx.com\/nota\/wp-json\/wp\/v2\/media\/61266"}],"wp:attachment":[{"href":"https:\/\/radiowebmx.com\/nota\/wp-json\/wp\/v2\/media?parent=61265"}],"wp:term":[{"taxonomy":"category","embeddable":true,"href":"https:\/\/radiowebmx.com\/nota\/wp-json\/wp\/v2\/categories?post=61265"},{"taxonomy":"post_tag","embeddable":true,"href":"https:\/\/radiowebmx.com\/nota\/wp-json\/wp\/v2\/tags?post=61265"}],"curies":[{"name":"wp","href":"https:\/\/api.w.org\/{rel}","templated":true}]}}