{"id":61262,"date":"2019-02-22T19:07:32","date_gmt":"2019-02-23T01:07:32","guid":{"rendered":"https:\/\/radiowebmx.com\/nota\/?p=61262"},"modified":"2019-02-22T19:07:32","modified_gmt":"2019-02-23T01:07:32","slug":"azael-toledo-plantea-fortalecer-mecanismos-para-evaluar-programas-sociales","status":"publish","type":"post","link":"https:\/\/radiowebmx.com\/nota\/azael-toledo-plantea-fortalecer-mecanismos-para-evaluar-programas-sociales\/","title":{"rendered":"Azael Toledo plantea fortalecer mecanismos para evaluar programas sociales"},"content":{"rendered":"<p class=\"x_MsoNormal\"><b>Morelia; Michoac\u00e1n, 21 de febrero de 2019.-<\/b>\u00a0Con el objetivo de garantizar que las pol\u00edticas p\u00fablicas encaminadas a combatir la pobreza generen resultados positivos en la poblaci\u00f3n, el diputado local Azael Toledo Rangel hizo menci\u00f3n que se requiere de fortalecer los mecanismos para evaluar los programas sociales en los tres niveles de gobierno y que los padrones de beneficiarios sean transparentes y no utilizados por partidos pol\u00edticos con otros fines, como se est\u00e1 reportando en diversos municipios del pa\u00eds.<\/p>\n<p>En M\u00e9xico, recalc\u00f3 que la pol\u00edtica social debe dejar de administrar la pobreza y ser un detonador real para el desarrollo, atacando de ra\u00edz las causas estructurales, para lo que tambi\u00e9n se necesita erradicar la visi\u00f3n clientelar, que en nada resuelven el problema de fondo.<\/p>\n<p>Por lo anterior hizo menci\u00f3n que como integrante del Grupo Parlamentario del PRD y de la Comisi\u00f3n de Desarrollo Social en la LXXIV Legislatura local trabaja en dos propuestas, la primera es presentar una iniciativa a la norma vigente con la finalidad de que se fortalezca desde la ley los mecanismos para evaluar los programas sociales.<\/p>\n<p class=\"x_MsoNormal\">\nLa segunda, dijo, es presentar un exhorto al Gobierno Federal para que se garantice transparencia en los programas de beneficiarios que est\u00e1 impulsando en las distintas entidades del pa\u00eds, ya que en el caso de Michoac\u00e1n se observa que en algunos municipios los padrones de beneficiarios los est\u00e1n conformando a trav\u00e9s de los comit\u00e9s municipales del partido que gobierna M\u00e9xico y los apoyos se deben otorgar con igualdad para todos, m\u00e1s all\u00e1 de colores.<\/p>\n<p class=\"x_MsoNormal\">\nEn ese contexto, mencion\u00f3 que hay informaci\u00f3n precisa sobre los hechos mencionados, en donde militantes del partido que gobierna en el pa\u00eds, se est\u00e1n aprovechando de estas acciones para promoverse, por lo que se har\u00e1 un llamado a que se investigue, transparente y sancione a quienes est\u00e9n haciendo mal uso de los recursos p\u00fablicos, abusando de la necesidad de las personas.<\/p>\n<p class=\"x_MsoNormal\">\nEl legislador subray\u00f3 que la naci\u00f3n requiere las adecuaciones a las normas vigentes, con el objetivo de garantizar que las leyes sean claras y efectivas, para que las pol\u00edticas p\u00fablicas que se promueven generen un verdadero bienestar y desarrollo en la poblaci\u00f3n.<\/p>\n<p class=\"x_MsoNormal\">\nAzael Toledo hizo menci\u00f3n que para los diputados del PRD los parches y las mutaciones permanentes al marco normativo en materia social, han generado falta de claridad para lograr efectividad en la pol\u00edtica social, por ello, en lo que corresponde a la entidad se legislar\u00e1 en la materia, tema en el que ya se est\u00e1 \u00a0trabajando, aunado a puntos de acuerdo y exhortos que se presentar\u00e1n.<\/p>\n<p class=\"x_MsoNormal\">En territorio mexicano existe pr\u00e1cticamente el mismo n\u00famero de pobres con respecto a la poblaci\u00f3n que exist\u00eda en 1992, con poco m\u00e1s del 50 por ciento del total de la poblaci\u00f3n conforme a las cifras oficiales.<\/p>\n<p class=\"x_MsoNormal\">\n&#8220;Ante ese escenario es apremiante legislar y cerrar filas desde todas las trincheras, ya que es claro que las acciones implementadas no han resuelto la pobreza de fondo y es indispensable que se ataquen las causas de ra\u00edz y brindar esquemas que generen bienestar a la gente pero no por un momento, sino a largo plazo&#8221;.<\/p>\n<p class=\"x_MsoNormal\">\nAdelant\u00f3 que desde el Grupo Parlamentario del PRD se presentar\u00e1 una reforma estructural a la pol\u00edtica de combate a la pobreza, por lo que se realiza una revisi\u00f3n profunda de las normas en la materia, pero en particular de la Ley de Desarrollo Social del Estado aprobada en 2013.<\/p>\n","protected":false},"excerpt":{"rendered":"<p>Morelia; Michoac\u00e1n, 21 de febrero de 2019.-\u00a0Con el objetivo de garantizar que las pol\u00edticas p\u00fablicas encaminadas a combatir la pobreza generen resultados positivos en la poblaci\u00f3n, el diputado local Azael Toledo Rangel hizo menci\u00f3n que se requiere de fortalecer los mecanismos para evaluar los programas sociales en los tres niveles de gobierno y que los [&hellip;]<\/p>\n","protected":false},"author":2,"featured_media":61263,"comment_status":"closed","ping_status":"closed","sticky":false,"template":"","format":"standard","meta":{"footnotes":""},"categories":[6],"tags":[],"class_list":["post-61262","post","type-post","status-publish","format-standard","has-post-thumbnail","hentry","category-congreso-del-estado"],"_links":{"self":[{"href":"https:\/\/radiowebmx.com\/nota\/wp-json\/wp\/v2\/posts\/61262","targetHints":{"allow":["GET"]}}],"collection":[{"href":"https:\/\/radiowebmx.com\/nota\/wp-json\/wp\/v2\/posts"}],"about":[{"href":"https:\/\/radiowebmx.com\/nota\/wp-json\/wp\/v2\/types\/post"}],"author":[{"embeddable":true,"href":"https:\/\/radiowebmx.com\/nota\/wp-json\/wp\/v2\/users\/2"}],"replies":[{"embeddable":true,"href":"https:\/\/radiowebmx.com\/nota\/wp-json\/wp\/v2\/comments?post=61262"}],"version-history":[{"count":1,"href":"https:\/\/radiowebmx.com\/nota\/wp-json\/wp\/v2\/posts\/61262\/revisions"}],"predecessor-version":[{"id":61264,"href":"https:\/\/radiowebmx.com\/nota\/wp-json\/wp\/v2\/posts\/61262\/revisions\/61264"}],"wp:featuredmedia":[{"embeddable":true,"href":"https:\/\/radiowebmx.com\/nota\/wp-json\/wp\/v2\/media\/61263"}],"wp:attachment":[{"href":"https:\/\/radiowebmx.com\/nota\/wp-json\/wp\/v2\/media?parent=61262"}],"wp:term":[{"taxonomy":"category","embeddable":true,"href":"https:\/\/radiowebmx.com\/nota\/wp-json\/wp\/v2\/categories?post=61262"},{"taxonomy":"post_tag","embeddable":true,"href":"https:\/\/radiowebmx.com\/nota\/wp-json\/wp\/v2\/tags?post=61262"}],"curies":[{"name":"wp","href":"https:\/\/api.w.org\/{rel}","templated":true}]}}