{"id":61259,"date":"2019-02-22T19:06:35","date_gmt":"2019-02-23T01:06:35","guid":{"rendered":"https:\/\/radiowebmx.com\/nota\/?p=61259"},"modified":"2019-02-22T19:06:35","modified_gmt":"2019-02-23T01:06:35","slug":"propone-balta-gaona-debate-entre-perfiles-que-proponga-el-ejecutivo-para-la-fiscalia","status":"publish","type":"post","link":"https:\/\/radiowebmx.com\/nota\/propone-balta-gaona-debate-entre-perfiles-que-proponga-el-ejecutivo-para-la-fiscalia\/","title":{"rendered":"Propone Balta Gaona debate entre perfiles que proponga el Ejecutivo para la Fiscal\u00eda"},"content":{"rendered":"<ul type=\"disc\">\n<li class=\"x_MsoNormal\"><i>El diputado del PT consider\u00f3 que este tipo de mecanismos son v\u00e1lidos ante una decisi\u00f3n tan importante para Michoac\u00e1n<\/i><\/li>\n<\/ul>\n<p class=\"x_MsoNormal\"><b>\u00a0<\/b><\/p>\n<p class=\"x_MsoNormal\"><b>Morelia; Michoac\u00e1n, 21 de febrero de 2019.-<\/b>\u00a0Con la finalidad de generar m\u00e1s claridad en el proceso de designaci\u00f3n del titular de la Fiscal\u00eda General de Michoac\u00e1n, el diputado integrante del Grupo Parlamentario del Partido del Trabajo (GPPT), Baltazar Gaona Garc\u00eda, propuso que se realice un debate entre los tres perfiles que regrese el Ejecutivo Estatal al Congreso del Estado.<\/p>\n<p class=\"x_MsoNormal\">\n<p class=\"x_MsoNormal\">El legislador local dijo que emiti\u00f3 dicha propuesta para que la ciudadan\u00eda en general conozca m\u00e1s a detalle el plan de trabajo, la capacidad y la trayectoria de cada uno de los integrantes de la terna que se presentar\u00e1 ante el pleno del Congreso del Estado para ocupar la Fiscal\u00eda General.<\/p>\n<p class=\"x_MsoNormal\">\n<p class=\"x_MsoNormal\">\u201cEstamos en tiempos democr\u00e1ticos donde hay que implementar todos estos mecanismos, que sin duda son v\u00e1lidos, para la toma de decisiones y m\u00e1s trat\u00e1ndose de un tema de suma importancia como es la designaci\u00f3n del Fiscal General del Estado para los pr\u00f3ximos nueve a\u00f1os\u201d, agreg\u00f3.<\/p>\n<p class=\"x_MsoNormal\">\n<p class=\"x_MsoNormal\">En ese sentido, Gaona Garc\u00eda refiri\u00f3 que impulsar\u00e1 esta propuesta de la mano con la reci\u00e9n conformada alianza en favor de la Cuarta Transformaci\u00f3n, adem\u00e1s de que buscar\u00e1 que tenga eco y sea considerada por los 40 diputados.<\/p>\n<p class=\"x_MsoNormal\">\n","protected":false},"excerpt":{"rendered":"<p>El diputado del PT consider\u00f3 que este tipo de mecanismos son v\u00e1lidos ante una decisi\u00f3n tan importante para Michoac\u00e1n \u00a0 Morelia; Michoac\u00e1n, 21 de febrero de 2019.-\u00a0Con la finalidad de generar m\u00e1s claridad en el proceso de designaci\u00f3n del titular de la Fiscal\u00eda General de Michoac\u00e1n, el diputado integrante del Grupo Parlamentario del Partido del [&hellip;]<\/p>\n","protected":false},"author":2,"featured_media":61260,"comment_status":"closed","ping_status":"closed","sticky":false,"template":"","format":"standard","meta":{"footnotes":""},"categories":[6],"tags":[],"class_list":["post-61259","post","type-post","status-publish","format-standard","has-post-thumbnail","hentry","category-congreso-del-estado"],"_links":{"self":[{"href":"https:\/\/radiowebmx.com\/nota\/wp-json\/wp\/v2\/posts\/61259","targetHints":{"allow":["GET"]}}],"collection":[{"href":"https:\/\/radiowebmx.com\/nota\/wp-json\/wp\/v2\/posts"}],"about":[{"href":"https:\/\/radiowebmx.com\/nota\/wp-json\/wp\/v2\/types\/post"}],"author":[{"embeddable":true,"href":"https:\/\/radiowebmx.com\/nota\/wp-json\/wp\/v2\/users\/2"}],"replies":[{"embeddable":true,"href":"https:\/\/radiowebmx.com\/nota\/wp-json\/wp\/v2\/comments?post=61259"}],"version-history":[{"count":1,"href":"https:\/\/radiowebmx.com\/nota\/wp-json\/wp\/v2\/posts\/61259\/revisions"}],"predecessor-version":[{"id":61261,"href":"https:\/\/radiowebmx.com\/nota\/wp-json\/wp\/v2\/posts\/61259\/revisions\/61261"}],"wp:featuredmedia":[{"embeddable":true,"href":"https:\/\/radiowebmx.com\/nota\/wp-json\/wp\/v2\/media\/61260"}],"wp:attachment":[{"href":"https:\/\/radiowebmx.com\/nota\/wp-json\/wp\/v2\/media?parent=61259"}],"wp:term":[{"taxonomy":"category","embeddable":true,"href":"https:\/\/radiowebmx.com\/nota\/wp-json\/wp\/v2\/categories?post=61259"},{"taxonomy":"post_tag","embeddable":true,"href":"https:\/\/radiowebmx.com\/nota\/wp-json\/wp\/v2\/tags?post=61259"}],"curies":[{"name":"wp","href":"https:\/\/api.w.org\/{rel}","templated":true}]}}