{"id":61253,"date":"2019-02-22T18:59:41","date_gmt":"2019-02-23T00:59:41","guid":{"rendered":"https:\/\/radiowebmx.com\/nota\/?p=61253"},"modified":"2019-02-22T18:59:41","modified_gmt":"2019-02-23T00:59:41","slug":"el-gppt-integrara-alianza-en-apoyo-a-la-cuarta-transformacion","status":"publish","type":"post","link":"https:\/\/radiowebmx.com\/nota\/el-gppt-integrara-alianza-en-apoyo-a-la-cuarta-transformacion\/","title":{"rendered":"El GPPT integrar\u00e1 alianza en apoyo a la Cuarta Transformaci\u00f3n"},"content":{"rendered":"<ul type=\"disc\">\n<li class=\"x_MsoNormal\"><i>Salvador Arvizu destac\u00f3 que la alianza reci\u00e9n conformada no es para golpear, ni bloquear a nadie, \u00fanicamente para apoyar al presidente de M\u00e9xico<\/i><\/li>\n<\/ul>\n<p class=\"x_MsoNormal\"><b>\u00a0<\/b><\/p>\n<p class=\"x_MsoNormal\"><b>Morelia; Michoac\u00e1n, 21 de febrero de 2019.-<\/b>\u00a0El Grupo Parlamentario del Partido del Trabajo (GPPT), integrar\u00e1 una alianza legislativa a favor de la Cuarta Transformaci\u00f3n (4T). Los legisladores petistas y la ciudadan\u00eda est\u00e1n convencidos de que ese es el camino a seguir para el bienestar y el desarrollo de la sociedad.<\/p>\n<p class=\"x_MsoNormal\">\n<p class=\"x_MsoNormal\">En rueda de prensa, se dio a conocer la integraci\u00f3n de esta alianza que estar\u00e1 integrada, adem\u00e1s del GPPT, por los diputados de Movimiento de Regeneraci\u00f3n Nacional (MORENA) y por los independientes que reci\u00e9n renunciaron al PRD.<\/p>\n<p class=\"x_MsoNormal\">\n<p class=\"x_MsoNormal\">El vicecoordinador del GPPT en el Congreso del Estado, Salvador Arvizu Cisneros, detall\u00f3 que har\u00e1n el compromiso de apoyar las propuestas de reforma constitucional a nivel Federal impulsadas por el presidente de M\u00e9xico, Andr\u00e9s Manuel L\u00f3pez Obrador.<\/p>\n<p class=\"x_MsoNormal\">\n<p class=\"x_MsoNormal\">\u201cEsta alianza no es ni para golpear a nadie, ni para bloquear a nadie, es porque tenemos coincidencias con nuestro presidente Andr\u00e9s Manuel L\u00f3pez Obrador\u201d, asever\u00f3.<\/p>\n<p class=\"x_MsoNormal\">\n<p class=\"x_MsoNormal\">El diputado del PT remarc\u00f3 que construir\u00e1n una agenda consensuada con todos los actores de esta alianza que reci\u00e9n se ha integrado, siempre en favor de las propuestas del titular del Ejecutivo Federal.<\/p>\n<p class=\"x_MsoNormal\">\n<p class=\"x_MsoNormal\">\u201cEsta alianza que hoy se conforma es buscando consensuar de qu\u00e9 manera se puede trabajar en favor del bienestar de los y las michoacanas y de la Cuarta Transformaci\u00f3n\u201d, finaliz\u00f3.<\/p>\n","protected":false},"excerpt":{"rendered":"<p>Salvador Arvizu destac\u00f3 que la alianza reci\u00e9n conformada no es para golpear, ni bloquear a nadie, \u00fanicamente para apoyar al presidente de M\u00e9xico \u00a0 Morelia; Michoac\u00e1n, 21 de febrero de 2019.-\u00a0El Grupo Parlamentario del Partido del Trabajo (GPPT), integrar\u00e1 una alianza legislativa a favor de la Cuarta Transformaci\u00f3n (4T). Los legisladores petistas y la ciudadan\u00eda [&hellip;]<\/p>\n","protected":false},"author":2,"featured_media":61254,"comment_status":"closed","ping_status":"closed","sticky":false,"template":"","format":"standard","meta":{"footnotes":""},"categories":[6],"tags":[],"class_list":["post-61253","post","type-post","status-publish","format-standard","has-post-thumbnail","hentry","category-congreso-del-estado"],"_links":{"self":[{"href":"https:\/\/radiowebmx.com\/nota\/wp-json\/wp\/v2\/posts\/61253","targetHints":{"allow":["GET"]}}],"collection":[{"href":"https:\/\/radiowebmx.com\/nota\/wp-json\/wp\/v2\/posts"}],"about":[{"href":"https:\/\/radiowebmx.com\/nota\/wp-json\/wp\/v2\/types\/post"}],"author":[{"embeddable":true,"href":"https:\/\/radiowebmx.com\/nota\/wp-json\/wp\/v2\/users\/2"}],"replies":[{"embeddable":true,"href":"https:\/\/radiowebmx.com\/nota\/wp-json\/wp\/v2\/comments?post=61253"}],"version-history":[{"count":1,"href":"https:\/\/radiowebmx.com\/nota\/wp-json\/wp\/v2\/posts\/61253\/revisions"}],"predecessor-version":[{"id":61255,"href":"https:\/\/radiowebmx.com\/nota\/wp-json\/wp\/v2\/posts\/61253\/revisions\/61255"}],"wp:featuredmedia":[{"embeddable":true,"href":"https:\/\/radiowebmx.com\/nota\/wp-json\/wp\/v2\/media\/61254"}],"wp:attachment":[{"href":"https:\/\/radiowebmx.com\/nota\/wp-json\/wp\/v2\/media?parent=61253"}],"wp:term":[{"taxonomy":"category","embeddable":true,"href":"https:\/\/radiowebmx.com\/nota\/wp-json\/wp\/v2\/categories?post=61253"},{"taxonomy":"post_tag","embeddable":true,"href":"https:\/\/radiowebmx.com\/nota\/wp-json\/wp\/v2\/tags?post=61253"}],"curies":[{"name":"wp","href":"https:\/\/api.w.org\/{rel}","templated":true}]}}