{"id":61250,"date":"2019-02-22T18:49:00","date_gmt":"2019-02-23T00:49:00","guid":{"rendered":"https:\/\/radiowebmx.com\/nota\/?p=61250"},"modified":"2019-02-22T18:49:00","modified_gmt":"2019-02-23T00:49:00","slug":"hubo-coincidencias-en-la-eleccion-de-aspirantes-a-la-fiscalia-nunez-aguilar","status":"publish","type":"post","link":"https:\/\/radiowebmx.com\/nota\/hubo-coincidencias-en-la-eleccion-de-aspirantes-a-la-fiscalia-nunez-aguilar\/","title":{"rendered":"Hubo coincidencias en la elecci\u00f3n de aspirantes a la Fiscal\u00eda: N\u00fa\u00f1ez Aguilar"},"content":{"rendered":"<ul type=\"disc\">\n<li class=\"x_MsoNormal\"><i>El proceso de evaluaci\u00f3n y selecci\u00f3n fue transparente y responsable, afirma<\/i><\/li>\n<\/ul>\n<p class=\"x_MsoNormal\"><b>\u00a0<\/b><\/p>\n<p class=\"x_MsoNormal\"><b>Morelia; Michoac\u00e1n, 21 de febrero de 2019.-<\/b>\u00a0\u00a0El proceso de selecci\u00f3n de los 10 aspirantes a la Fiscal\u00eda General de Michoac\u00e1n fue responsable, transparente y siempre abierto a la ciudadan\u00eda, afirm\u00f3 el coordinador parlamentario del Partido Verde Ecologista de M\u00e9xico en el Congreso local, Ernesto N\u00fa\u00f1ez Aguilar.<\/p>\n<p class=\"x_MsoNormal\">\n<p class=\"x_MsoNormal\">Tras la aprobaci\u00f3n del dictamen que contiene los nombres de los nueve hombres y una mujer que contienden por dicho cargo, el legislador local destac\u00f3 el trabajo realizado en comisiones unidas de Justicia y de Gobernaci\u00f3n, donde, dijo, siempre se privilegi\u00f3 el inter\u00e9s colectivo y favorecer al mejor perfil por su conocimiento, experiencia y temple para atender los retos que implicar\u00e1 el nuevo ente procurador de justicia.<\/p>\n<p class=\"x_MsoNormal\">\n<p class=\"x_MsoNormal\">\u201cNo ha habido una sola sesi\u00f3n a puerta cerrada, todas han sido p\u00fablicas, no debe quedar duda de que el trabajo realizado por cada uno de mis compa\u00f1eros en ambas comisiones fue limpio y sin favoritismos, por ello, me sumo al reconocimiento y felicitaci\u00f3n por la manera en que se llev\u00f3 a cabo este ejercicio\u201d, manifest\u00f3.<\/p>\n<p class=\"x_MsoNormal\">\n<p class=\"x_MsoNormal\">Asimismo, frente a las suspicacias y cuestionamientos por la definici\u00f3n de la decena de perfiles, N\u00fa\u00f1ez Aguilar asever\u00f3 que, durante la evaluaci\u00f3n y an\u00e1lisis de los 32 aspirantes comparecientes en d\u00edas recientes, hubo coincidencias en los listados enviados por cada uno de los legisladores.<\/p>\n<p class=\"x_MsoNormal\">\n<p class=\"x_MsoNormal\">\u201cQue quede la tranquilidad a todos los que comparecieron, hayan sido elegidos o no, que nada se hizo en \u2018lo oscurito\u2019 y hubo similitud en por lo menos seis o siete nombres seleccionados por cada uno de los diputados que integramos las comisiones\u201d, expres\u00f3.<\/p>\n<p class=\"x_MsoNormal\">\n<p class=\"x_MsoNormal\">Finalmente y en miras de aprobar el dictamen este viernes en el Pleno Legislativo, N\u00fa\u00f1ez Aguilar apel\u00f3 a la sensibilidad y compromiso de sus compa\u00f1eras y compa\u00f1eros diputados para evitar polarizar m\u00e1s el nombramiento de quien asuma la titularidad de la Fiscal\u00eda General de Michoac\u00e1n.<\/p>\n<p class=\"x_MsoNormal\">\n","protected":false},"excerpt":{"rendered":"<p>El proceso de evaluaci\u00f3n y selecci\u00f3n fue transparente y responsable, afirma \u00a0 Morelia; Michoac\u00e1n, 21 de febrero de 2019.-\u00a0\u00a0El proceso de selecci\u00f3n de los 10 aspirantes a la Fiscal\u00eda General de Michoac\u00e1n fue responsable, transparente y siempre abierto a la ciudadan\u00eda, afirm\u00f3 el coordinador parlamentario del Partido Verde Ecologista de M\u00e9xico en el Congreso local, [&hellip;]<\/p>\n","protected":false},"author":2,"featured_media":61251,"comment_status":"closed","ping_status":"closed","sticky":false,"template":"","format":"standard","meta":{"footnotes":""},"categories":[6],"tags":[],"class_list":["post-61250","post","type-post","status-publish","format-standard","has-post-thumbnail","hentry","category-congreso-del-estado"],"_links":{"self":[{"href":"https:\/\/radiowebmx.com\/nota\/wp-json\/wp\/v2\/posts\/61250","targetHints":{"allow":["GET"]}}],"collection":[{"href":"https:\/\/radiowebmx.com\/nota\/wp-json\/wp\/v2\/posts"}],"about":[{"href":"https:\/\/radiowebmx.com\/nota\/wp-json\/wp\/v2\/types\/post"}],"author":[{"embeddable":true,"href":"https:\/\/radiowebmx.com\/nota\/wp-json\/wp\/v2\/users\/2"}],"replies":[{"embeddable":true,"href":"https:\/\/radiowebmx.com\/nota\/wp-json\/wp\/v2\/comments?post=61250"}],"version-history":[{"count":1,"href":"https:\/\/radiowebmx.com\/nota\/wp-json\/wp\/v2\/posts\/61250\/revisions"}],"predecessor-version":[{"id":61252,"href":"https:\/\/radiowebmx.com\/nota\/wp-json\/wp\/v2\/posts\/61250\/revisions\/61252"}],"wp:featuredmedia":[{"embeddable":true,"href":"https:\/\/radiowebmx.com\/nota\/wp-json\/wp\/v2\/media\/61251"}],"wp:attachment":[{"href":"https:\/\/radiowebmx.com\/nota\/wp-json\/wp\/v2\/media?parent=61250"}],"wp:term":[{"taxonomy":"category","embeddable":true,"href":"https:\/\/radiowebmx.com\/nota\/wp-json\/wp\/v2\/categories?post=61250"},{"taxonomy":"post_tag","embeddable":true,"href":"https:\/\/radiowebmx.com\/nota\/wp-json\/wp\/v2\/tags?post=61250"}],"curies":[{"name":"wp","href":"https:\/\/api.w.org\/{rel}","templated":true}]}}