{"id":6125,"date":"2014-03-20T13:16:20","date_gmt":"2014-03-20T19:16:20","guid":{"rendered":"https:\/\/radiowebmx.com\/nota\/?p=6125"},"modified":"2014-03-20T13:16:20","modified_gmt":"2014-03-20T19:16:20","slug":"pgje-recupera-a-menor-de-edad-que-fue-contactado-en-redes-sociales-para-ingresar-a-una-presunta-agrupacion-altruista","status":"publish","type":"post","link":"https:\/\/radiowebmx.com\/nota\/pgje-recupera-a-menor-de-edad-que-fue-contactado-en-redes-sociales-para-ingresar-a-una-presunta-agrupacion-altruista\/","title":{"rendered":"PGJE recupera a menor de edad que fue contactado en redes sociales para ingresar a una presunta agrupaci\u00f3n altruista"},"content":{"rendered":"<p>La Procuradur\u00eda General de Justicia del Estado logr\u00f3 recuperar a un menor de edad, luego de que \u00e9ste fue contactado, a trav\u00e9s de las redes sociales, para que formara parte de una agrupaci\u00f3n contra la violencia y la paz que opera en el norte del pa\u00eds.<\/p>\n<p>&nbsp;<\/p>\n<p>Con base a las primeras investigaciones, se conoci\u00f3 que el menor de 13 a\u00f1os de edad, inici\u00f3 en el mes de noviembre del a\u00f1o 2013, una serie de di\u00e1logos, a trav\u00e9s de las redes sociales, con una persona de nombre \u201cSebasti\u00e1n RZX\u201d, quien lo invit\u00f3 a formar parte de un grupo social, presuntamente en contra de la violencia y a favor de la paz.<\/p>\n<p>&nbsp;<\/p>\n<p>Posteriormente, el 10 de febrero del presente a\u00f1o, la v\u00edctima sostuvo una charla virtual con otro contacto que aparece como administrador de los sitios: perfil \u201cM\u00c9XICO RECARGADO\u201d y \u201cGRUPO M\u00c9XICO\u201d, bajo el pseud\u00f3nimo de \u201cZeus Garc\u00eda\u201d, quien refiri\u00f3 ser originario del estado fronterizo de Baja California y quien le sugiri\u00f3 ingresar a la asociaci\u00f3n, la cual supuestamente recluta gente de todo el pa\u00eds, con el fin de luchar y recuperar la paz social, por un lapso de cinco a\u00f1os.<\/p>\n<p>&nbsp;<\/p>\n<p>Por lo que, el menor de edad decidi\u00f3 ingresar a dicha agrupaci\u00f3n y al momento que fue aceptado, se le mencion\u00f3 que estuviera al pendiente, para recibir indicaciones para su traslado a Tijuana, ya que incluso se le cubrir\u00edan los gastos de traslado y hospedaje en dicha ciudad fronteriza. Sin embargo, se le pidi\u00f3 que por medio de una direcci\u00f3n electr\u00f3nica en el portal, invitara a m\u00e1s personas para pertenecer al grupo.<\/p>\n<p>&nbsp;<\/p>\n<p>Ante ello, luego de dejar una nota para decir que hab\u00eda tomado la decisi\u00f3n, el menor de edad abandon\u00f3 su casa y viaj\u00f3 a la ciudad de M\u00e9xico, por lo que sus padres, al momento de darse cuenta de esta situaci\u00f3n, de inmediato acudieron a la Procuradur\u00eda General de Justicia de Michoac\u00e1n, donde personal de la dependencia inici\u00f3 una serie de investigaciones para dar con su paradero.<\/p>\n<p>&nbsp;<\/p>\n<p>Finalmente, tras una serie de diligencias, los agentes ministeriales lograron contactar al menor de edad, haci\u00e9ndose pasar por un amigo que tambi\u00e9n estar\u00eda interesado en formar parte de la sociedad y quien le pidi\u00f3 que se vieran en la capital del pa\u00eds, ya que le llevar\u00eda dinero en efectivo para realizar los gastos de traslado al estado de Baja California Norte.<\/p>\n<p>Por tal motivo, en coordinaci\u00f3n con personal de la Procuradur\u00eda General de Justicia del Distrito Federal, agentes de esta corporaci\u00f3n realizaron un dispositivo para la b\u00fasqueda y localizaci\u00f3n del menor, mismo que fue ubicado, sano y salvo en la Central Camionera de la capital del pa\u00eds.<\/p>\n<p>&nbsp;<\/p>\n<p>Cabe se\u00f1alar que en los mensajes que se env\u00edan a los interesados en pertenecer al grupo, se les induce a despedirse de sus familiares en forma temporal \u201cmientras estemos en revoluci\u00f3n\u201d e indican que ello es motivado por \u201cseguridad de ellos y de nosotros\u201d.<\/p>\n","protected":false},"excerpt":{"rendered":"<p>La Procuradur\u00eda General de Justicia del Estado logr\u00f3 recuperar a un menor de edad, luego de que \u00e9ste fue contactado, a trav\u00e9s de las redes sociales, para que formara parte de una agrupaci\u00f3n contra la violencia y la paz que opera en el norte del pa\u00eds.<\/p>\n","protected":false},"author":1,"featured_media":0,"comment_status":"open","ping_status":"open","sticky":false,"template":"","format":"standard","meta":{"footnotes":""},"categories":[3],"tags":[],"class_list":["post-6125","post","type-post","status-publish","format-standard","hentry","category-gobierno-del-estado-de-michoacan"],"_links":{"self":[{"href":"https:\/\/radiowebmx.com\/nota\/wp-json\/wp\/v2\/posts\/6125","targetHints":{"allow":["GET"]}}],"collection":[{"href":"https:\/\/radiowebmx.com\/nota\/wp-json\/wp\/v2\/posts"}],"about":[{"href":"https:\/\/radiowebmx.com\/nota\/wp-json\/wp\/v2\/types\/post"}],"author":[{"embeddable":true,"href":"https:\/\/radiowebmx.com\/nota\/wp-json\/wp\/v2\/users\/1"}],"replies":[{"embeddable":true,"href":"https:\/\/radiowebmx.com\/nota\/wp-json\/wp\/v2\/comments?post=6125"}],"version-history":[{"count":2,"href":"https:\/\/radiowebmx.com\/nota\/wp-json\/wp\/v2\/posts\/6125\/revisions"}],"predecessor-version":[{"id":6127,"href":"https:\/\/radiowebmx.com\/nota\/wp-json\/wp\/v2\/posts\/6125\/revisions\/6127"}],"wp:attachment":[{"href":"https:\/\/radiowebmx.com\/nota\/wp-json\/wp\/v2\/media?parent=6125"}],"wp:term":[{"taxonomy":"category","embeddable":true,"href":"https:\/\/radiowebmx.com\/nota\/wp-json\/wp\/v2\/categories?post=6125"},{"taxonomy":"post_tag","embeddable":true,"href":"https:\/\/radiowebmx.com\/nota\/wp-json\/wp\/v2\/tags?post=6125"}],"curies":[{"name":"wp","href":"https:\/\/api.w.org\/{rel}","templated":true}]}}