{"id":61247,"date":"2019-02-22T18:47:43","date_gmt":"2019-02-23T00:47:43","guid":{"rendered":"https:\/\/radiowebmx.com\/nota\/?p=61247"},"modified":"2019-02-22T18:47:43","modified_gmt":"2019-02-23T00:47:43","slug":"seleccion-de-perfiles-fue-en-proceso-transparente-y-abierto-araceli-saucedo","status":"publish","type":"post","link":"https:\/\/radiowebmx.com\/nota\/seleccion-de-perfiles-fue-en-proceso-transparente-y-abierto-araceli-saucedo\/","title":{"rendered":"Selecci\u00f3n de perfiles fue en proceso transparente y abierto: Araceli Saucedo"},"content":{"rendered":"<ul type=\"disc\">\n<li class=\"x_MsoNormal\"><i>Se defini\u00f3 por conocimiento y capacidades a los diez perfiles<\/i><\/li>\n<\/ul>\n<p class=\"x_MsoNormal\"><b>\u00a0<\/b><\/p>\n<p class=\"x_MsoNormal\"><b>Morelia; Michoac\u00e1n, 21 de febrero de 2019.-<\/b>\u00a0\u00a0El Congreso del Estado a trav\u00e9s de las comisiones unidas de Justicia y Gobernaci\u00f3n realiz\u00f3 un proceso transparente y abierto en la definici\u00f3n de los aspirantes al cargo de Fiscal General del Estado, afirm\u00f3 la diputada Araceli Saucedo Reyes, quien subray\u00f3 que tras una evaluaci\u00f3n y revisi\u00f3n de los perfiles, se elabor\u00f3 la lista de los diez integrantes, misma que se determin\u00f3 por el conocimiento y capacidades de los concursantes, la cual fue aprobada este d\u00eda en comisiones y ser\u00e1 turnada al Pleno de la LXXIV Legislatura local en la sesi\u00f3n de este viernes.<\/p>\n<p class=\"x_MsoNormal\">\n<p class=\"x_MsoNormal\">Durante todo este proceso, la diputada integrante de la Comisi\u00f3n de Justicia record\u00f3 que se revis\u00f3 que los aspirantes cumplieran con los requisitos establecidos en la Constituci\u00f3n y en la Convocatoria y posterior en las comparecencias se valor\u00f3 sus propuestas por conocimientos, en el que todos tuvieron la oportunidad en igualdad de circunstancias de exponer lo que consideraron fundamental.<\/p>\n<p class=\"x_MsoNormal\">\nLa legisladora destac\u00f3 que esta es una de las decisiones de mayor trascendencia que estar\u00e1n en manos de la LXXIV Legislatura del Congreso del Estado, no s\u00f3lo porque el periodo de nueve a\u00f1os que tendr\u00e1 quien arribe al cargo, sino porque en su cargo\u00a0estar\u00e1 la responsabilidad de dar viabilidad, fortaleza, y credibilidad de origen a la Fiscal\u00eda General del Estado.<\/p>\n<p class=\"x_MsoNormal\">\nResalt\u00f3 que los aspirantes expusieron ante las comisiones unidas en condiciones de igualdad, as\u00ed como en tiempo y forma, con lo que se tuvieron t\u00e9rminos\u00a0para hacer un an\u00e1lisis y evaluaci\u00f3n de sus propuestas y planes de trabajo que cada uno present\u00f3.<\/p>\n<p class=\"x_MsoNormal\">\nLa legisladora hizo menci\u00f3n que los diputados contaron con elementos suficientes para valorar la preparaci\u00f3n y experiencia de los aspirantes, as\u00ed como sus conocimientos en el sistema penal acusatorio, derechos humanos, atenci\u00f3n a v\u00edctimas, los indicadores sobre delincuencia y las necesidades de la Fiscal\u00eda General del Estado y de Michoac\u00e1n.<\/p>\n<p class=\"x_MsoNormal\">\n&#8220;Las comparecencias se hicieron de manera p\u00fablica y abierta, para que la poblaci\u00f3n y la opini\u00f3n p\u00fablica dieran cuenta de las mismas; este ejercicio fue muy importante, porque como diputados tuvimos la oportunidad de conocer las propuestas de cada aspirante&#8221;.<\/p>\n<p class=\"x_MsoNormal\">\nAraceli Saucedo destac\u00f3 el alto nivel de los participantes en este proceso de selecci\u00f3n, as\u00ed como el inter\u00e9s que mostraron ser parte de este, por lo que reconoci\u00f3 a cada uno de los aspirantes al cargo.<\/p>\n<p class=\"x_MsoNormal\">\n<p class=\"x_MsoNormal\">Dio a conocer que el dictamen ma\u00f1ana ser\u00e1 sometido a consideraci\u00f3n del Pleno de la LXXIV Legislatura local y una vez aprobado, por mandato legal el Poder Legislativo debe turnar al Ejecutivo para que \u00e9ste a su vez elija una terna que deber\u00e1 retornar al Congreso a fin de que \u00e9ste \u2013con el voto de las dos terceras partes de los diputados- defina al primer Fiscal General del Estado.<\/p>\n","protected":false},"excerpt":{"rendered":"<p>Se defini\u00f3 por conocimiento y capacidades a los diez perfiles \u00a0 Morelia; Michoac\u00e1n, 21 de febrero de 2019.-\u00a0\u00a0El Congreso del Estado a trav\u00e9s de las comisiones unidas de Justicia y Gobernaci\u00f3n realiz\u00f3 un proceso transparente y abierto en la definici\u00f3n de los aspirantes al cargo de Fiscal General del Estado, afirm\u00f3 la diputada Araceli Saucedo [&hellip;]<\/p>\n","protected":false},"author":2,"featured_media":61248,"comment_status":"closed","ping_status":"closed","sticky":false,"template":"","format":"standard","meta":{"footnotes":""},"categories":[6],"tags":[],"class_list":["post-61247","post","type-post","status-publish","format-standard","has-post-thumbnail","hentry","category-congreso-del-estado"],"_links":{"self":[{"href":"https:\/\/radiowebmx.com\/nota\/wp-json\/wp\/v2\/posts\/61247","targetHints":{"allow":["GET"]}}],"collection":[{"href":"https:\/\/radiowebmx.com\/nota\/wp-json\/wp\/v2\/posts"}],"about":[{"href":"https:\/\/radiowebmx.com\/nota\/wp-json\/wp\/v2\/types\/post"}],"author":[{"embeddable":true,"href":"https:\/\/radiowebmx.com\/nota\/wp-json\/wp\/v2\/users\/2"}],"replies":[{"embeddable":true,"href":"https:\/\/radiowebmx.com\/nota\/wp-json\/wp\/v2\/comments?post=61247"}],"version-history":[{"count":1,"href":"https:\/\/radiowebmx.com\/nota\/wp-json\/wp\/v2\/posts\/61247\/revisions"}],"predecessor-version":[{"id":61249,"href":"https:\/\/radiowebmx.com\/nota\/wp-json\/wp\/v2\/posts\/61247\/revisions\/61249"}],"wp:featuredmedia":[{"embeddable":true,"href":"https:\/\/radiowebmx.com\/nota\/wp-json\/wp\/v2\/media\/61248"}],"wp:attachment":[{"href":"https:\/\/radiowebmx.com\/nota\/wp-json\/wp\/v2\/media?parent=61247"}],"wp:term":[{"taxonomy":"category","embeddable":true,"href":"https:\/\/radiowebmx.com\/nota\/wp-json\/wp\/v2\/categories?post=61247"},{"taxonomy":"post_tag","embeddable":true,"href":"https:\/\/radiowebmx.com\/nota\/wp-json\/wp\/v2\/tags?post=61247"}],"curies":[{"name":"wp","href":"https:\/\/api.w.org\/{rel}","templated":true}]}}