{"id":61241,"date":"2019-02-22T18:42:02","date_gmt":"2019-02-23T00:42:02","guid":{"rendered":"https:\/\/radiowebmx.com\/nota\/?p=61241"},"modified":"2019-02-22T18:42:02","modified_gmt":"2019-02-23T00:42:02","slug":"integran-alianza-por-la-cuarta-transformacion-en-congreso-del-estado","status":"publish","type":"post","link":"https:\/\/radiowebmx.com\/nota\/integran-alianza-por-la-cuarta-transformacion-en-congreso-del-estado\/","title":{"rendered":"Integran Alianza por la Cuarta Transformaci\u00f3n en Congreso del Estado"},"content":{"rendered":"<ul type=\"disc\">\n<li class=\"x_MsoNormal\"><strong><i>Diputados de Morena, PT e independientes trabajar\u00e1n en agenda legislativa conjunta<\/i><\/strong><\/li>\n<\/ul>\n<p class=\"x_MsoNormal\"><b>\u00a0<\/b><\/p>\n<p class=\"x_MsoNormal\"><b>Morelia; Michoac\u00e1n, 21 de febrero de 2019.-<\/b>\u00a0Los Grupos Parlamentarios de Morena y del Partido del Trabajo (PT) cerraron filas con diputados independientes en el Congreso del Estado para conformar la Alianza por la Cuarta Transformaci\u00f3n (Alianza 4T), y sacar adelante una agenda legislativa progresista, con vocaci\u00f3n de justicia social.<\/p>\n<p class=\"x_MsoNormal\">\n<p class=\"x_MsoNormal\">Alfredo Ram\u00edrez Bedolla, coordinador de los diputados de Morena, puntualiz\u00f3 que ejercer la pol\u00edtica en raz\u00f3n del bien com\u00fan, y devolver el poder p\u00fablico a la ciudadan\u00eda, son principios que aglutinan a los legisladores que forman parte de la Alianza 4T.<\/p>\n<p class=\"x_MsoNormal\">\n<p class=\"x_MsoNormal\">A\u00f1adi\u00f3 que los diputados de la Alianza trabajar\u00e1n de manera conjunta en dos ejes principales: respaldar las reformas constitucionales impulsadas por el Gobierno de M\u00e9xico y la Coalici\u00f3n de legisladores Juntos Haremos Historia, y en Michoac\u00e1n avanzar en una ruta legislativa com\u00fan.<\/p>\n<p class=\"x_MsoNormal\">\n<p class=\"x_MsoNormal\">En representaci\u00f3n de los diputados independientes, Erick Ju\u00e1rez Blanquet expres\u00f3 que legisladores con convicciones de izquierda e ideas progresistas suman esfuerzos para impulsar una agenda legislativa que est\u00e9 a la altura de los retos y desaf\u00edos que enfrenta Michoac\u00e1n, as\u00ed como de la nueva etapa pol\u00edtica que vive la naci\u00f3n; \u201cen la LXXIV Legislatura, \u00a1lo mejor est\u00e1 por venir!\u201d, afirm\u00f3.<\/p>\n<p class=\"x_MsoNormal\">\n<p class=\"x_MsoNormal\">Cristina Portillo Ayala, legisladora de Morena, enfatiz\u00f3 que los diputados de la Alianza deber\u00e1n trabajar con prudencia y mucho oficio pol\u00edtico para restituir al Congreso del Estado su autonom\u00eda, porque \u201cel Legislativo no puede seguir siendo un alfil o caja de resonancia del gobernador que dicta c\u00f3mo se deben votar las iniciativas; tenemos una soberan\u00eda que defender y hacer valer\u201d, sentenci\u00f3.<\/p>\n<p class=\"x_MsoNormal\">\n<p class=\"x_MsoNormal\">Por parte del Grupo Parlamentario del PT, Salvador Arvizu Cisneros agreg\u00f3 que la Alianza 4T se conforma tambi\u00e9n con el prop\u00f3sito de redireccionar la labor legislativa para trabajar en conjunto por el bienestar de las y los michoacanos, y \u201ccorresponder as\u00ed a la confianza que la gente ha depositado en nosotros\u201d.<\/p>\n<p class=\"x_MsoNormal\">\n<p class=\"x_MsoNormal\">Reformas constitucionales en materia de extinci\u00f3n de dominio, prisi\u00f3n preventiva oficiosa y guardia nacional, son algunos de los t\u00f3picos prioritarios que la Alianza por la Cuarta Transformaci\u00f3n deber\u00e1 abordar en el Congreso del Estado en el corto y mediano plazo, adem\u00e1s de conformar una agenda com\u00fan con las iniciativas de los diputados independientes y de los grupos parlamentarios.<\/p>\n<p class=\"x_MsoNormal\">\n<p class=\"x_MsoNormal\">\n<p class=\"x_MsoNormal\">Integrantes de la Alianza por la Cuarta Transformaci\u00f3n<\/p>\n<p class=\"x_MsoNormal\">\n<p class=\"x_MsoNormal\">\u00a0MORENA<\/p>\n<p class=\"x_MsoNormal\">\n<p class=\"x_MsoNormal\">\u2022\u00a0\u00a0\u00a0\u00a0\u00a0\u00a0\u00a0\u00a0\u00a0\u00a0 Alfredo Ram\u00edrez Bedolla<\/p>\n<p class=\"x_MsoNormal\">\n<p class=\"x_MsoNormal\">\u2022\u00a0\u00a0\u00a0\u00a0\u00a0\u00a0\u00a0\u00a0\u00a0\u00a0 Cristina Portillo Ayala<\/p>\n<p class=\"x_MsoNormal\">\n<p class=\"x_MsoNormal\">\u2022\u00a0\u00a0\u00a0\u00a0\u00a0\u00a0\u00a0\u00a0\u00a0\u00a0 Antonio Madriz Estrada<\/p>\n<p class=\"x_MsoNormal\">\n<p class=\"x_MsoNormal\">\u2022\u00a0\u00a0\u00a0\u00a0\u00a0\u00a0\u00a0\u00a0\u00a0\u00a0 Ferm\u00edn Bernab\u00e9 Bahena<\/p>\n<p class=\"x_MsoNormal\">\n<p class=\"x_MsoNormal\">\u2022\u00a0\u00a0\u00a0\u00a0\u00a0\u00a0\u00a0\u00a0\u00a0\u00a0 Laura Granados Beltr\u00e1n<\/p>\n<p class=\"x_MsoNormal\">\n<p class=\"x_MsoNormal\">\u2022\u00a0\u00a0\u00a0\u00a0\u00a0\u00a0\u00a0\u00a0\u00a0\u00a0 Mayela del Carmen Salas S\u00e1enz<\/p>\n<p class=\"x_MsoNormal\">\n<p class=\"x_MsoNormal\">\u2022\u00a0\u00a0\u00a0\u00a0\u00a0\u00a0\u00a0\u00a0\u00a0\u00a0 Osiel Equihua Equihua<\/p>\n<p class=\"x_MsoNormal\">\n<p class=\"x_MsoNormal\">\u2022\u00a0\u00a0\u00a0\u00a0\u00a0\u00a0\u00a0\u00a0\u00a0\u00a0 Sandra Luz Valencia<\/p>\n<p class=\"x_MsoNormal\">\n<p class=\"x_MsoNormal\">\u2022\u00a0\u00a0\u00a0\u00a0\u00a0\u00a0\u00a0\u00a0\u00a0\u00a0 Sergio B\u00e1ez Torres<\/p>\n<p class=\"x_MsoNormal\">\n<p class=\"x_MsoNormal\">\u2022\u00a0\u00a0\u00a0\u00a0\u00a0\u00a0\u00a0\u00a0\u00a0\u00a0 Teresa L\u00f3pez Hern\u00e1ndez<\/p>\n<p class=\"x_MsoNormal\">\n<p class=\"x_MsoNormal\">\u2022\u00a0\u00a0\u00a0\u00a0\u00a0\u00a0\u00a0\u00a0\u00a0\u00a0 Zenaida Salvador Br\u00edgido<\/p>\n<p class=\"x_MsoNormal\">\n<p class=\"x_MsoNormal\">\n<p class=\"x_MsoNormal\">PT<\/p>\n<p class=\"x_MsoNormal\">\n<p class=\"x_MsoNormal\">\u2022\u00a0\u00a0\u00a0\u00a0\u00a0\u00a0\u00a0\u00a0\u00a0\u00a0 Brenda Fraga Guti\u00e9rrez<\/p>\n<p class=\"x_MsoNormal\">\n<p class=\"x_MsoNormal\">\u2022\u00a0\u00a0\u00a0\u00a0\u00a0\u00a0\u00a0\u00a0\u00a0\u00a0 Mar\u00eda Teresa Mora Covarrubias<\/p>\n<p class=\"x_MsoNormal\">\n<p class=\"x_MsoNormal\">\u2022\u00a0\u00a0\u00a0\u00a0\u00a0\u00a0\u00a0\u00a0\u00a0\u00a0 Salvador Arvizu Cisneros<\/p>\n<p class=\"x_MsoNormal\">\n<p class=\"x_MsoNormal\">\u2022\u00a0\u00a0\u00a0\u00a0\u00a0\u00a0\u00a0\u00a0\u00a0\u00a0 Baltazar Gaona Garc\u00eda<\/p>\n<p class=\"x_MsoNormal\">\n<p class=\"x_MsoNormal\">\n<p class=\"x_MsoNormal\">INDEPENDIENTES<\/p>\n<p class=\"x_MsoNormal\">\n<p class=\"x_MsoNormal\">\u2022\u00a0\u00a0\u00a0\u00a0\u00a0\u00a0\u00a0\u00a0\u00a0\u00a0 Erick Ju\u00e1rez Blanquet<\/p>\n<p class=\"x_MsoNormal\">\n<p class=\"x_MsoNormal\">\u2022\u00a0\u00a0\u00a0\u00a0\u00a0\u00a0\u00a0\u00a0\u00a0\u00a0 Miriam Tinoco Soto<\/p>\n<p class=\"x_MsoNormal\">\n<p class=\"x_MsoNormal\">\u2022\u00a0\u00a0\u00a0\u00a0\u00a0\u00a0\u00a0\u00a0\u00a0\u00a0 Humberto Gonz\u00e1lez Villag\u00f3mez<\/p>\n","protected":false},"excerpt":{"rendered":"<p>Diputados de Morena, PT e independientes trabajar\u00e1n en agenda legislativa conjunta \u00a0 Morelia; Michoac\u00e1n, 21 de febrero de 2019.-\u00a0Los Grupos Parlamentarios de Morena y del Partido del Trabajo (PT) cerraron filas con diputados independientes en el Congreso del Estado para conformar la Alianza por la Cuarta Transformaci\u00f3n (Alianza 4T), y sacar adelante una agenda legislativa [&hellip;]<\/p>\n","protected":false},"author":2,"featured_media":61242,"comment_status":"closed","ping_status":"closed","sticky":false,"template":"","format":"standard","meta":{"footnotes":""},"categories":[6],"tags":[],"class_list":["post-61241","post","type-post","status-publish","format-standard","has-post-thumbnail","hentry","category-congreso-del-estado"],"_links":{"self":[{"href":"https:\/\/radiowebmx.com\/nota\/wp-json\/wp\/v2\/posts\/61241","targetHints":{"allow":["GET"]}}],"collection":[{"href":"https:\/\/radiowebmx.com\/nota\/wp-json\/wp\/v2\/posts"}],"about":[{"href":"https:\/\/radiowebmx.com\/nota\/wp-json\/wp\/v2\/types\/post"}],"author":[{"embeddable":true,"href":"https:\/\/radiowebmx.com\/nota\/wp-json\/wp\/v2\/users\/2"}],"replies":[{"embeddable":true,"href":"https:\/\/radiowebmx.com\/nota\/wp-json\/wp\/v2\/comments?post=61241"}],"version-history":[{"count":1,"href":"https:\/\/radiowebmx.com\/nota\/wp-json\/wp\/v2\/posts\/61241\/revisions"}],"predecessor-version":[{"id":61243,"href":"https:\/\/radiowebmx.com\/nota\/wp-json\/wp\/v2\/posts\/61241\/revisions\/61243"}],"wp:featuredmedia":[{"embeddable":true,"href":"https:\/\/radiowebmx.com\/nota\/wp-json\/wp\/v2\/media\/61242"}],"wp:attachment":[{"href":"https:\/\/radiowebmx.com\/nota\/wp-json\/wp\/v2\/media?parent=61241"}],"wp:term":[{"taxonomy":"category","embeddable":true,"href":"https:\/\/radiowebmx.com\/nota\/wp-json\/wp\/v2\/categories?post=61241"},{"taxonomy":"post_tag","embeddable":true,"href":"https:\/\/radiowebmx.com\/nota\/wp-json\/wp\/v2\/tags?post=61241"}],"curies":[{"name":"wp","href":"https:\/\/api.w.org\/{rel}","templated":true}]}}