{"id":6122,"date":"2014-03-20T12:45:35","date_gmt":"2014-03-20T18:45:35","guid":{"rendered":"https:\/\/radiowebmx.com\/nota\/?p=6122"},"modified":"2014-03-20T12:45:35","modified_gmt":"2014-03-20T18:45:35","slug":"del-22-de-marzo-al-12-de-abril-quinto-festival-de-piano-de-patzcuaro","status":"publish","type":"post","link":"https:\/\/radiowebmx.com\/nota\/del-22-de-marzo-al-12-de-abril-quinto-festival-de-piano-de-patzcuaro\/","title":{"rendered":"DEL 22 DE MARZO AL 12 DE ABRIL, QUINTO FESTIVAL DE  PIANO DE P\u00c1TZCUARO"},"content":{"rendered":"<p><a href=\"https:\/\/radiowebmx.com\/nota\/wp-content\/uploads\/2014\/03\/DSC_1074.jpg\"><img loading=\"lazy\" decoding=\"async\" class=\"alignleft size-full wp-image-6123\" alt=\"DSC_1074\" src=\"https:\/\/radiowebmx.com\/nota\/wp-content\/uploads\/2014\/03\/DSC_1074.jpg\" width=\"591\" height=\"307\" \/><\/a>Este 2014, se dar\u00e1 continuidad al proyecto cultural que ensalza al rey de los instrumentos, a trav\u00e9s del Quinto Festival de Piano de P\u00e1tzcuaro, el cual se realizar\u00e1 del 22 de marzo al 12 de abril pr\u00f3ximos.<\/p>\n<p>&nbsp;<\/p>\n<p>La propuesta fue hecha por el Consejo Asesor de Promotores Culturales de P\u00e1tzcuaro (CAPC), por las condiciones favorables que existen actualmente para el fomento de la m\u00fasica, pues existen distintas iniciativas para la formaci\u00f3n de agrupaciones musicales con ni\u00f1os y j\u00f3venes. Dicha asociaci\u00f3n agrupa a ciudadanos y organismos civiles que comparten la vocaci\u00f3n y trayectoria de promotores culturales que aportan su experiencia en la gesti\u00f3n, la organizaci\u00f3n, la realizaci\u00f3n y la difusi\u00f3n de actividades y eventos en las \u00e1reas del arte y la cultura en la ciudad y la regi\u00f3n lacustre.<\/p>\n<p>&nbsp;<\/p>\n<p>Con el apoyo del Gobierno del Estado a trav\u00e9s de la Comisi\u00f3n de Ferias, Exposiciones y Eventos del estado (COFEEEM), en esta nueva etapa del Festival se ampl\u00edan los alcances del mismo, proponi\u00e9ndose metas m\u00e1s altas de asistencia y un m\u00e1s amplio programa de conciertos; para ello se estableci\u00f3 como sede oficial el Teatro Emperador Caltzontzin, m\u00e1ximo recinto cultural de P\u00e1tzcuaro, y como una sede alterna el lugar que le dio origen, el Auditorio Gertrudis Bocanegra del Antiguo Colegio Jesuita, adem\u00e1s de incluirse otra sede alterna: el Auditorio Jaime Torres Bodet del CREFAL, con el prop\u00f3sito de descentralizar los conciertos y llegar a nuevos sectores de la ciudad.<\/p>\n<p>&nbsp;<\/p>\n<p>No obstante lo anterior, el Festival de Piano mantendr\u00e1 sus objetivos iniciales: contribuir al enriquecimiento de la cultura musical de la poblaci\u00f3n mediante la formaci\u00f3n de nuevos p\u00fablicos en el conocimiento y apreciaci\u00f3n de la m\u00fasica de piano, tanto de grandes compositores cl\u00e1sicos, como de melod\u00edas populares, as\u00ed como fomentar en las nuevas generaciones el inter\u00e9s por este instrumento.<\/p>\n<p>&nbsp;<\/p>\n<p>Adem\u00e1s de ser un punto de convergencia de los m\u00e1s destacados exponentes de la m\u00fasica de piano a nivel nacional y en un futuro inmediato a nivel internacional, as\u00ed como un espacio de expresi\u00f3n y proyecci\u00f3n de pianistas locales, tanto de estudiantes como de profesionales.<\/p>\n<p>&nbsp;<\/p>\n<p>Tambi\u00e9n se busca impulsar y consolidar un festival cultural por el que P\u00e1tzcuaro sea reconocido, convirti\u00e9ndose en un atractivo que contribuya a promover el turismo cultural en fechas de baja afluencia de visitantes para la ciudad.<\/p>\n<p>&nbsp;<\/p>\n<p>Cabe recordar que tras once a\u00f1os de ausencia, el pasado 2013 se retom\u00f3 la realizaci\u00f3n de este Festival con una afluencia en los conciertos que sum\u00f3 2 mil 640 asistentes, cifra que se pretende incrementar hasta un 15 por ciento m\u00e1s.<\/p>\n<p>&nbsp;<\/p>\n<p>El Festival de Piano en la Primavera de P\u00e1tzcuaro tiene su antecedente en el a\u00f1o 2000 cuando se realiz\u00f3 su primera edici\u00f3n en el Centro Cultural Antiguo Colegio Jesuita a iniciativa del Patronato ciudadano que administraba este lugar, y contando con el apoyo de la Coordinaci\u00f3n Nacional de M\u00fasica y \u00d3pera del Instituto Nacional de Bellas Artes (INBA), perteneciente al Consejo Nacional para la Cultura y las Artes (CONACULTA), as\u00ed como del Conservatorio de las Rosas de Morelia.<\/p>\n","protected":false},"excerpt":{"rendered":"<p>Este 2014, se dar\u00e1 continuidad al proyecto cultural que ensalza al rey de los instrumentos, a trav\u00e9s del Quinto Festival de Piano de P\u00e1tzcuaro, el cual se realizar\u00e1 del 22 de marzo al 12 de abril pr\u00f3ximos.<\/p>\n","protected":false},"author":1,"featured_media":0,"comment_status":"open","ping_status":"open","sticky":false,"template":"","format":"standard","meta":{"footnotes":""},"categories":[14,3],"tags":[],"class_list":["post-6122","post","type-post","status-publish","format-standard","hentry","category-destacadas","category-gobierno-del-estado-de-michoacan"],"_links":{"self":[{"href":"https:\/\/radiowebmx.com\/nota\/wp-json\/wp\/v2\/posts\/6122","targetHints":{"allow":["GET"]}}],"collection":[{"href":"https:\/\/radiowebmx.com\/nota\/wp-json\/wp\/v2\/posts"}],"about":[{"href":"https:\/\/radiowebmx.com\/nota\/wp-json\/wp\/v2\/types\/post"}],"author":[{"embeddable":true,"href":"https:\/\/radiowebmx.com\/nota\/wp-json\/wp\/v2\/users\/1"}],"replies":[{"embeddable":true,"href":"https:\/\/radiowebmx.com\/nota\/wp-json\/wp\/v2\/comments?post=6122"}],"version-history":[{"count":1,"href":"https:\/\/radiowebmx.com\/nota\/wp-json\/wp\/v2\/posts\/6122\/revisions"}],"predecessor-version":[{"id":6124,"href":"https:\/\/radiowebmx.com\/nota\/wp-json\/wp\/v2\/posts\/6122\/revisions\/6124"}],"wp:attachment":[{"href":"https:\/\/radiowebmx.com\/nota\/wp-json\/wp\/v2\/media?parent=6122"}],"wp:term":[{"taxonomy":"category","embeddable":true,"href":"https:\/\/radiowebmx.com\/nota\/wp-json\/wp\/v2\/categories?post=6122"},{"taxonomy":"post_tag","embeddable":true,"href":"https:\/\/radiowebmx.com\/nota\/wp-json\/wp\/v2\/tags?post=6122"}],"curies":[{"name":"wp","href":"https:\/\/api.w.org\/{rel}","templated":true}]}}