{"id":607,"date":"2012-12-14T14:44:22","date_gmt":"2012-12-14T20:44:22","guid":{"rendered":"https:\/\/radiowebmx.com\/nota\/?p=607"},"modified":"2012-12-14T14:44:22","modified_gmt":"2012-12-14T20:44:22","slug":"gobierno-de-michoacan-reconoce-el-esfuerzo-de-los-migrantes-michoacanos-para-contribuir-al-desarrollo-del-estado","status":"publish","type":"post","link":"https:\/\/radiowebmx.com\/nota\/gobierno-de-michoacan-reconoce-el-esfuerzo-de-los-migrantes-michoacanos-para-contribuir-al-desarrollo-del-estado\/","title":{"rendered":"GOBIERNO DE MICHOAC\u00c1N RECONOCE EL ESFUERZO DE LOS MIGRANTES MICHOACANOS PARA CONTRIBUIR AL DESARROLLO DEL ESTADO"},"content":{"rendered":"<p><img loading=\"lazy\" decoding=\"async\" class=\"alignnone\" src=\"http:\/\/img832.imageshack.us\/img832\/6919\/dsc2749e.jpg\" alt=\"\" width=\"591\" height=\"214\" \/>La administraci\u00f3n que encabeza el gobernador Fausto Vallejo Figueroa, se ha propuesto como un deber darle un tratamiento diverso a la migraci\u00f3n y hacerla parte de una realidad michoacana, pues el esfuerzo de los migrantes significa la voluntad del ser humano de sobreponerse a la adversidad y tener una mejor vida, as\u00ed lo se\u00f1al\u00f3 Luis Carlos Ch\u00e1vez Santacruz titular de la Secretar\u00eda del Migrante del estado.<br \/>\nLo anterior, durante la conmemoraci\u00f3n del D\u00eda del Migrante Michoacano, donde en representaci\u00f3n del gobernador Fausto Vallejo Figueroa, Jaime Mares Camarena, vocal Ejecutivo del Centro Estatal de Desarrollo Municipal (Cedemun), destac\u00f3 que los migrantes michoacanos constituyen una de las fuerzas que mueven el motor de desarrollo de nuestra entidad, por lo que el gobierno estatal reconoce y valora el esfuerzo que hacen por mantener viva la identidad nacional y el empe\u00f1o que tienen por buscar mejores oportunidades.<br \/>\nAunado a esto, el representante del jefe del Ejecutivo estatal refiri\u00f3 que en el contexto nacional, Michoac\u00e1n ocupa el primer lugar en el ingreso de divisas, esto gracias al env\u00edo de remesas que hacen los migrantes, que en la actualidad se han convertido en el principal impulso de la econom\u00eda en diversos municipios y comunidades michoacanas.<br \/>\nAs\u00ed mismo dijo que \u201cel estado est\u00e1 trabajando por construir una nueva historia, haciendo todo lo que est\u00e1 a nuestro alcance para crear m\u00e1s y mejores oportunidades de empleo, educaci\u00f3n, salud y vivienda con la finalidad de que los michoacanos se queden a producir bienes y servicios en su entidad, pero que si por alguna raz\u00f3n deciden salir, no sea la necesidad la que los orille a abandonar a sus familias\u201d.<br \/>\nPor su parte, el titular de Semigrante, Luis Carlos Ch\u00e1vez, manifest\u00f3 que el D\u00eda del Migrante Michoacano, es un festejo significativo para los m\u00e1s de 2 millones de migrantes que se encuentran del otro lado de la frontera y para sus familias, \u201cpor sus logros, sus esfuerzos, y su valent\u00eda por salir adelante\u201d.<br \/>\nDe la misma manera dijo que durante el festejo se realiza la Expo Migrante 2012, donde se espera la asistencia de m\u00e1s de mil personas y en que la dependencia a su cargo estar\u00e1 ofreciendo diferentes servicios de manera coordinada con 20 dependencias estatales y federales que ofrecen tr\u00e1mites a favor de los migrantes y sus familias, as\u00ed como actividades recreativas y culturales.<br \/>\nDurante esta ceremonia, se hizo entrega de reconocimientos a 13 integrantes del Consejo Consultivo del Migrante Michoacano por su participaci\u00f3n, apoyo y asesor\u00eda de las pol\u00edticas p\u00fablicas para los migrantes y sus familias; adem\u00e1s se entreg\u00f3 un distintivo al periodista michoacano en los Estados Unidos, Gustavo Guti\u00e9rrez Guzm\u00e1n, por su amplia trayectoria y muestra de esfuerzo en el pa\u00eds vecino.<br \/>\nEntre las dependencias participantes se encuentran, la Secretar\u00eda de Gobernaci\u00f3n federal; la Secretar\u00eda de Salud (SSM), el Instituto Nacional de las Personas Adultas Mayores (Inapam); la Direcci\u00f3n General del Registro Civil; el Sistema para el Desarrollo Integral de la Familia del Estado de Michoac\u00e1n (DIF); la Secretar\u00eda de Educaci\u00f3n (SEE); s\u00f3lo por mencionar algunas y siendo el Servicio Nacional del Empleo (SNE) y la Secretar\u00eda de Relaciones Exteriores (SRE) las m\u00e1s demandadas.<br \/>\nAl evento conmemorativo tambi\u00e9n asisti\u00f3 Alejandro Avil\u00e9s Reyes, titular de la Secretar\u00eda de Pueblos Ind\u00edgenas (SPI); Rafael D\u00edaz Rodr\u00edguez secretario de Salud de Michoac\u00e1n; los diputados Silvia Estrada Esquivel y Antonio Sosa L\u00f3pez, presidenta e integrante de la Comisi\u00f3n de Asuntos Migratorios del Congreso del estado.<\/p>\n","protected":false},"excerpt":{"rendered":"<p>La administraci\u00f3n que encabeza el gobernador Fausto Vallejo Figueroa, se ha propuesto como un deber darle un tratamiento diverso a la migraci\u00f3n y hacerla parte de una realidad michoacana, pues el esfuerzo de los migrantes significa la voluntad del ser humano de sobreponerse a la adversidad y tener una mejor vida, as\u00ed lo se\u00f1al\u00f3 Luis [&hellip;]<\/p>\n","protected":false},"author":1,"featured_media":0,"comment_status":"open","ping_status":"open","sticky":false,"template":"","format":"standard","meta":{"footnotes":""},"categories":[3],"tags":[],"class_list":["post-607","post","type-post","status-publish","format-standard","hentry","category-gobierno-del-estado-de-michoacan"],"_links":{"self":[{"href":"https:\/\/radiowebmx.com\/nota\/wp-json\/wp\/v2\/posts\/607","targetHints":{"allow":["GET"]}}],"collection":[{"href":"https:\/\/radiowebmx.com\/nota\/wp-json\/wp\/v2\/posts"}],"about":[{"href":"https:\/\/radiowebmx.com\/nota\/wp-json\/wp\/v2\/types\/post"}],"author":[{"embeddable":true,"href":"https:\/\/radiowebmx.com\/nota\/wp-json\/wp\/v2\/users\/1"}],"replies":[{"embeddable":true,"href":"https:\/\/radiowebmx.com\/nota\/wp-json\/wp\/v2\/comments?post=607"}],"version-history":[{"count":2,"href":"https:\/\/radiowebmx.com\/nota\/wp-json\/wp\/v2\/posts\/607\/revisions"}],"predecessor-version":[{"id":609,"href":"https:\/\/radiowebmx.com\/nota\/wp-json\/wp\/v2\/posts\/607\/revisions\/609"}],"wp:attachment":[{"href":"https:\/\/radiowebmx.com\/nota\/wp-json\/wp\/v2\/media?parent=607"}],"wp:term":[{"taxonomy":"category","embeddable":true,"href":"https:\/\/radiowebmx.com\/nota\/wp-json\/wp\/v2\/categories?post=607"},{"taxonomy":"post_tag","embeddable":true,"href":"https:\/\/radiowebmx.com\/nota\/wp-json\/wp\/v2\/tags?post=607"}],"curies":[{"name":"wp","href":"https:\/\/api.w.org\/{rel}","templated":true}]}}