{"id":6065,"date":"2014-03-18T11:25:04","date_gmt":"2014-03-18T17:25:04","guid":{"rendered":"https:\/\/radiowebmx.com\/nota\/?p=6065"},"modified":"2014-03-18T11:25:04","modified_gmt":"2014-03-18T17:25:04","slug":"para-la-eficacia-en-la-gestion-publica-municipal-mayor-capacitacion-jose-eduardo-anaya","status":"publish","type":"post","link":"https:\/\/radiowebmx.com\/nota\/para-la-eficacia-en-la-gestion-publica-municipal-mayor-capacitacion-jose-eduardo-anaya\/","title":{"rendered":"Para la eficacia en la gesti\u00f3n p\u00fablica municipal mayor capacitaci\u00f3n: Jos\u00e9 Eduardo Anaya"},"content":{"rendered":"<p><a href=\"https:\/\/radiowebmx.com\/nota\/wp-content\/uploads\/2014\/03\/Dip.-Anaya-G\u00f3mez-en-Comisiones-unidas.jpg\"><img loading=\"lazy\" decoding=\"async\" class=\"alignleft size-full wp-image-6066\" alt=\"Dip. Anaya G\u00f3mez en Comisiones unidas\" src=\"https:\/\/radiowebmx.com\/nota\/wp-content\/uploads\/2014\/03\/Dip.-Anaya-G\u00f3mez-en-Comisiones-unidas.jpg\" width=\"591\" height=\"490\" \/><\/a>El diputado Jos\u00e9 Eduardo Anaya G\u00f3mez se\u00f1al\u00f3 que es tiempo de empoderar a los municipios mejorando la coordinaci\u00f3n entre alcald\u00edas y gobiernos estatales; argumentando que los pr\u00f3ximos meses ser\u00e1n decisivos para que la federaci\u00f3n impulse una reforma estructural, pues lo que se requiere hoy d\u00eda es regresar a los or\u00edgenes constitucionales del municipio.<\/p>\n<p>\u201cAnte los problemas que enfrentan los municipios del pa\u00eds, en particular los michoacanos; se debe realizar un estudio a fondo sobre la estructura de los ingresos y gastos de los ayuntamientos, mejorando as\u00ed el federalismo y el consecuente desarrollo de los gobiernos locales promoviendo, la capacitaci\u00f3n para que los alcaldes concentren sus recursos humanos, materiales y financieros para atender los servicios que constitucionalmente les son encomendados\u201d, refiri\u00f3 el Presidente de la Comisi\u00f3n de Fortalecimiento Municipal y L\u00edmites Territoriales de la actual legislatura michoacana.<\/p>\n<p>Anaya G\u00f3mez, considera que uno de los problemas actuales es la distracci\u00f3n de los presidentes municipales y su propio gabinete en la atenci\u00f3n de asuntos ajenos, como lo es la organizaci\u00f3n de ferias y festividades que exclusivamente generan gastos que derivan en endeudamiento, siendo \u00e9ste el tema m\u00e1s inmediato y urgente para muchos alcaldes; en raz\u00f3n de ello, es imprescindible respaldar a los municipios pero con soluciones de fondo que ataquen la problem\u00e1tica principal.<\/p>\n<p>El tambi\u00e9n ex alcalde del municipio de Sahuayo, Anaya G\u00f3mez; se\u00f1al\u00f3 que es indispensable se elabore un estudio que derivado del an\u00e1lisis de los montos del presupuesto, requerimientos econ\u00f3micos, gasto p\u00fablico y pago de n\u00f3mina, el dinero se gaste en aquellos servicios que son realmente una obligaci\u00f3n municipal, como pavimentaci\u00f3n e instalaci\u00f3n de alumbrado p\u00fablico, entre otros; asimismo indic\u00f3 que requiere de sensibilizaci\u00f3n y capacitaci\u00f3n, pues m\u00e1s all\u00e1 si el municipio es rural, semiurbano o urbano, \u00e9stos deben de trabajar bajo los ejes de austeridad y orden.<\/p>\n<p>Finalmente, el tambi\u00e9n integrante de la Comisi\u00f3n de Desarrollo Rural del Congreso del Estado, admiti\u00f3 que la eficacia en la gesti\u00f3n p\u00fablica municipal es nada sencilla, considerando inclusive que se cuentan con tres a\u00f1os para concretar proyectos, por lo que se requiere de la profesionalizaci\u00f3n de los empleados p\u00fablicos locales, a fin de asegurar la eficiencia de las prestaciones de servicios a la sociedad.<\/p>\n","protected":false},"excerpt":{"rendered":"<p>El diputado Jos\u00e9 Eduardo Anaya G\u00f3mez se\u00f1al\u00f3 que es tiempo de empoderar a los municipios mejorando la coordinaci\u00f3n entre alcald\u00edas y gobiernos estatales; argumentando que los pr\u00f3ximos meses ser\u00e1n decisivos para que la federaci\u00f3n impulse una reforma estructural, pues lo que se requiere hoy d\u00eda es regresar a los or\u00edgenes constitucionales del municipio.<\/p>\n","protected":false},"author":1,"featured_media":0,"comment_status":"open","ping_status":"open","sticky":false,"template":"","format":"standard","meta":{"footnotes":""},"categories":[6,14,8],"tags":[],"class_list":["post-6065","post","type-post","status-publish","format-standard","hentry","category-congreso-del-estado","category-destacadas","category-grupo-parlamentario-del-pan"],"_links":{"self":[{"href":"https:\/\/radiowebmx.com\/nota\/wp-json\/wp\/v2\/posts\/6065","targetHints":{"allow":["GET"]}}],"collection":[{"href":"https:\/\/radiowebmx.com\/nota\/wp-json\/wp\/v2\/posts"}],"about":[{"href":"https:\/\/radiowebmx.com\/nota\/wp-json\/wp\/v2\/types\/post"}],"author":[{"embeddable":true,"href":"https:\/\/radiowebmx.com\/nota\/wp-json\/wp\/v2\/users\/1"}],"replies":[{"embeddable":true,"href":"https:\/\/radiowebmx.com\/nota\/wp-json\/wp\/v2\/comments?post=6065"}],"version-history":[{"count":1,"href":"https:\/\/radiowebmx.com\/nota\/wp-json\/wp\/v2\/posts\/6065\/revisions"}],"predecessor-version":[{"id":6067,"href":"https:\/\/radiowebmx.com\/nota\/wp-json\/wp\/v2\/posts\/6065\/revisions\/6067"}],"wp:attachment":[{"href":"https:\/\/radiowebmx.com\/nota\/wp-json\/wp\/v2\/media?parent=6065"}],"wp:term":[{"taxonomy":"category","embeddable":true,"href":"https:\/\/radiowebmx.com\/nota\/wp-json\/wp\/v2\/categories?post=6065"},{"taxonomy":"post_tag","embeddable":true,"href":"https:\/\/radiowebmx.com\/nota\/wp-json\/wp\/v2\/tags?post=6065"}],"curies":[{"name":"wp","href":"https:\/\/api.w.org\/{rel}","templated":true}]}}